{"id":8179,"date":"2021-01-26T21:07:24","date_gmt":"2021-01-26T21:07:24","guid":{"rendered":"http:\/\/www.cgt-hopital-manosque.fr\/?p=8179"},"modified":"2021-01-27T12:23:47","modified_gmt":"2021-01-27T12:23:47","slug":"26-janvier-2021-rapport-dactualite-de-la-commission-executive-de-lusd-cgt-sante-et-action-sociale-04-du-26-janvier-2021-a-digne-les-bains","status":"publish","type":"post","link":"http:\/\/www.cgt-hopital-manosque.fr\/?p=8179","title":{"rendered":"26 janvier 2021 &#8211; Rapport d&rsquo;actualit\u00e9 de la Commission Ex\u00e9cutive de l&rsquo;USD CGT Sant\u00e9 et Action Sociale 04 du 26 janvier 2021 \u00e0 Digne-les-Bains"},"content":{"rendered":"<p><a href=\"http:\/\/www.cgt-hopital-manosque.fr\/wp-content\/uploads\/2021\/01\/1334.-Embauchez-formez-on-est-\u00e9puis\u00e9.png\"><img loading=\"lazy\" decoding=\"async\" src=\"http:\/\/www.cgt-hopital-manosque.fr\/wp-content\/uploads\/2021\/01\/1334.-Embauchez-formez-on-est-\u00e9puis\u00e9.png\" alt=\"1334. Embauchez, formez, on est \u00e9puis\u00e9\" width=\"696\" height=\"348\" class=\"aligncenter size-full wp-image-8180\" srcset=\"http:\/\/www.cgt-hopital-manosque.fr\/wp-content\/uploads\/2021\/01\/1334.-Embauchez-formez-on-est-\u00e9puis\u00e9.png 696w, http:\/\/www.cgt-hopital-manosque.fr\/wp-content\/uploads\/2021\/01\/1334.-Embauchez-formez-on-est-\u00e9puis\u00e9-300x150.png 300w\" sizes=\"(max-width: 696px) 100vw, 696px\" \/><\/a><\/p>\n<p><strong><\/p>\n<p style= \"text-align: justify;\">\nRapport d&rsquo;actualit\u00e9 de la Commission Ex\u00e9cutive de l&rsquo;USD CGT Sant\u00e9 et Action Sociale 04 du 26 janvier 2021 \u00e0 Digne-les-Bains\n<\/p>\n<p style= \"text-align: justify;\">\nPour commencer sur la situation sanitaire, le gouvernement continue de mettre en place une politique en fonction de la p\u00e9nurie des moyens, cette fois-ci il s&rsquo;agit des vaccins. Politique de la 6\u00e8me dose. Ensuite, il y a des r\u00e9gions plus touch\u00e9es que d&rsquo;autres, certaines sont tr\u00e8s peu touch\u00e9es. Le nombre de malades en r\u00e9animations a un peu augment\u00e9, on reste sur un plateau, il n&rsquo;y a pas d&rsquo;explosion pour l&rsquo;instant en France. Alors, il tentent de nous affoler avec ce qui se passe dans un certain nombre de pays.\n<\/p>\n<p style= \"text-align: justify;\">\nIl est important de rappeler la campagne europ\u00e9enne, dont la CGT est partie prenante : \u00ab\u00a0Pas de profit sur la pand\u00e9mie !\u00a0\u00bb, vous pouvez signer la p\u00e9tition. A ce sujet, il faudrait que les droits sur les brevets sautent ! Il faudrait r\u00e9quisitionner les usines, comme celles de Sanofi, afin de produire des vaccins !\n<\/p>\n<p style= \"text-align: justify;\">\nA noter qu&rsquo;en pleine incertitude sur le rythme de la campagne de vaccination, Sanofi vient d\u2019annoncer vouloir, encore, supprimer 400 emplois d\u00e9volus \u00e0 la recherche. Le groupe pharmaceutique a touch\u00e9 plus d\u2019un milliard d\u2019euros d\u2019aides publiques en France depuis dix ans via le cr\u00e9dit d\u2019imp\u00f4t recherche (CIR), un dispositif d\u2019aides publiques qui vise \u00e0 soutenir et encourager les efforts de recherche des entreprises (130 millions d\u2019euros par an environ). Dans le m\u00eame temps, Sanofi ne cesse de supprimer des emplois dans sa branche recherche et d\u00e9veloppement (R&#038;D).\n<\/p>\n<p style= \"text-align: justify;\">\nSur les vaccins, la p\u00e9nurie a \u00e9t\u00e9 sciemment cr\u00e9\u00e9e avec le principe capitaliste \u00ab\u00a0tout ce qui est rare est cher\u00a0\u00bb afin de maximiser les profits en vendant les vaccins \u00e0 des prix honteux aux pays riches et en ne permettant pas aux pays pauvres de disposer de vaccins aujourd&rsquo;hui.\n<\/p>\n<p style= \"text-align: justify;\">\nEnsuite, autre actualit\u00e9, nous devons apporter tout notre soutien \u00e0 Albert Papadacci attaqu\u00e9 par le Groupe Korian, premi\u00e8rement parce que c&rsquo;est inacceptable de s&rsquo;en prendre \u00e0 un \u00e9lu du personnel qui en plus est un symbole dans le secteur du priv\u00e9 lucratif, et deuxi\u00e8mement parce que c&rsquo;est un mod\u00e8le que nous combattons puisqu&rsquo;il s&rsquo;agit de faire des profits sur nos a\u00een\u00e9s \u00e0 n&rsquo;importe quel prix.\n<\/p>\n<p>Il faut poser le probl\u00e8me du groupe Korian pendant la crise et de tout le secteur priv\u00e9 lucratif dans les EHPAD qui se font un argent honteux sur les personnes \u00e2g\u00e9es qu&rsquo;ils appellent l&rsquo;or gris. Ils n&rsquo;on rien \u00e0 faire dans la sant\u00e9 et le m\u00e9dico-social. Et il ne doit pas y avoir d&rsquo;argent public pour les actionnaires.\n<\/p>\n<p style= \"text-align: justify;\">\nLe 11 mars, Albert Papadacci passe au tribunal, il faudra une forte mobilisation ce jour l\u00e0, ce serait m\u00eame judicieux d&rsquo;en faire une journ\u00e9e nationale de lutte contre les discriminations et les r\u00e9pressions syndicales.\n<\/p>\n<p style= \"text-align: justify;\">\nLa crise sanitaire sert de pr\u00e9texte \u00e0 un pouvoir toujours plus autoritaire de nous imposer des restrictions sur nos libert\u00e9s totalement in\u00e9dites. Et \u00e0 c\u00f4t\u00e9, la casse des h\u00f4pitaux, la casse de notre syst\u00e8me de sant\u00e9 et plus globalement de notre mod\u00e8le social continue. On voit des plans, mis au point avant la crise, continuer \u00e0 \u00eatre mis en \u0153uvre, malgr\u00e9 les discours et malgr\u00e9 les difficult\u00e9s rencontr\u00e9es.\n<\/p>\n<p style= \"text-align: justify;\">\nDes lits continuent \u00e0 \u00eatre ferm\u00e9s. Des accords r\u00e9gressifs contre l&rsquo;organisation du travail et du statut continuent notamment au travers de dispositions pr\u00e9vus dans le S\u00e9gur. Pour mettre en place des plans r\u00e9gressifs, le gouvernement a besoin d&rsquo;organisations syndicales comme il a eu besoin d&rsquo;organisations pour signer le S\u00e9gur. D&rsquo;ailleurs, on pourrait citer comme d\u00e9clinaison du S\u00e9gur au niveau local, l&rsquo;exemple de l&rsquo;APHP o\u00f9 l&rsquo;accord local est extr\u00eamement r\u00e9gressif.\n<\/p>\n<p style= \"text-align: justify;\">\nDans la p\u00e9riode, \u00e0 la CGT, nous avons besoin d&rsquo;\u00eatre tr\u00e8s clairs sur nos revendications, d&rsquo;\u00eatre tr\u00e8s clairs sur la d\u00e9nonciation de ce qui se met en place, et de ce qui va se mettre en place. Ils n&rsquo;ont pas boug\u00e9 d&rsquo;un iota pendant la crise dans leur strat\u00e9gie de casse d&rsquo;avant crise. La crise ne les ralentit pas dans les fermetures, dans les suppressions, dans les restructurations&#8230; Et les conditions de travail continuent de se d\u00e9grader ! Dans les EHPAD, la situation est particuli\u00e8rement d\u00e9grad\u00e9e&#8230; un secteur qui est tr\u00e8s touch\u00e9 par le virus et tr\u00e8s touch\u00e9 par le manque de moyens !\n<\/p>\n<p style= \"text-align: justify;\">\nEt celui qui est charg\u00e9 de faire le sale boulot aujourd&rsquo;hui, c&rsquo;est V\u00e9ran ! Les injustices sur les 183 euros, c&rsquo;est V\u00e9ran ! Et il faut le d\u00e9noncer fortement ! Le fiasco des masques, le fiasco des lits de r\u00e9animation, le fiasco des tests, le fiasco de la vaccination comme le fiasco du S\u00e9gur de la sant\u00e9, c&rsquo;est le Minist\u00e8re de la sant\u00e9 !\n<\/p>\n<p style= \"text-align: justify;\">\nC&rsquo;est pour cela que la d\u00e9cision d&rsquo;appeler devant le Minist\u00e8re le 21 janvier pour la mobilisation parisienne va dans le bon sens. Car si on nous impose un confinement et des couvre-feux, tout en continuant de fermer des lits, chacun peut comprendre ais\u00e9ment qu&rsquo;il y a un non sens \u00e9vident.\n<\/p>\n<p style= \"text-align: justify;\">\nEn PACA, la manif r\u00e9gionale \u00e0 Marseille a aussi voulu pointer du doigt les responsables d&rsquo;o\u00f9 un d\u00e9part devant le Conseil R\u00e9gional et une arriv\u00e9e devant l&rsquo;ARS. Le Conseil r\u00e9gional qui ne remplit pas son r\u00f4le en mati\u00e8re notamment de financement des formations param\u00e9dicales et m\u00e9dicales, et l&rsquo;ARS qui reste sourde face aux difficult\u00e9s rencontr\u00e9es. La manif \u00e9tait \u00e0 la fois revendicative et festive. Et nous avons besoin des deux aspects dans cette p\u00e9riode plus que difficile. Nous avons besoin de continuer \u00e0 porter nos revendications que la crise a rendu encore plus l\u00e9gitime mais sans n\u00e9gliger la libert\u00e9 de s&rsquo;amuser, de chanter ou de danser.\n<\/p>\n<p style= \"text-align: justify;\">\nCette mobilisation nous a permis de faire le lien entre la sant\u00e9 et le spectacle. La sant\u00e9, c&rsquo;est aussi le bien \u00eatre, ce n&rsquo;est pas qu&rsquo;une absence de maladie, peut \u00eatre que c&rsquo;est un moyen de travailler les convergences et travailler \u00e9galement le moral des militants. C&rsquo;est ce que nous avons essay\u00e9 de faire \u00e0 Marseille le 21 janvier en faisant venir de Bordeaux le chanteur HK (de \u00ab\u00a0On l\u00e2che rien\u00a0\u00bb) qui a \u00e9norm\u00e9ment dynamis\u00e9 la manif de notre secteur d&rsquo;activit\u00e9. Cela permet de continuer \u00e0 nouer des liens entre les diff\u00e9rents d\u00e9partements et entre les camarades qui ont particip\u00e9. Cela permet de retrouver la \u00ab\u00a0p\u00eache\u00a0\u00bb dans une p\u00e9riode o\u00f9 il y a beaucoup de fatalit\u00e9 et de fatigue.\n<\/p>\n<p style= \"text-align: justify;\">\nLa revendication des emplois a occup\u00e9 une place majeure dans cette mobilisation du 21 janvier en lien avec notre campagne \u00ab\u00a0Embauchez, formez, on est \u00e9puis\u00e9 !\u00a0\u00bb. Nous avons besoin de 400 000 emplois dans notre secteur : 100 000 emplois dans les h\u00f4pitaux, 200 000 dans les EHPAD et 100 000 dans le reste du m\u00e9dico-social et du social. Et d&rsquo;ailleurs l&rsquo;enqu\u00eate que nous avons men\u00e9e au niveau national en novembre et d\u00e9cembre confirme totalement cette revendication. La premi\u00e8re condition d&rsquo;am\u00e9lioration des conditions de travail aujourd&rsquo;hui, c&rsquo;est qu&rsquo;on soit plus nombreux. Cette campagne pour les embauches peut permettre de donner des perspectives et de dynamiser notre activit\u00e9 syndicale.\n<\/p>\n<p style= \"text-align: justify;\">\nAu niveau national, dans le cadre de la mission Laforcade la CGT s&rsquo;est rendue \u00e0 plusieurs r\u00e9unions la semaine derni\u00e8re, avec les autres organisations syndicales. On sent beaucoup d&rsquo;ambig\u00fcit\u00e9 et d&rsquo;impr\u00e9cision du minist\u00e8re. C&rsquo;est pourquoi la CGT est prudente dans ses communications contrairement \u00e0 d&rsquo;autres organisations expliquant \u00ab\u00a0On a gagn\u00e9\u00a0\u00bb depuis plusieurs mois d&rsquo;ailleurs \u00e0 intervalles r\u00e9guliers. Le communiqu\u00e9 de notre F\u00e9d\u00e9ration explique bien ce qui a \u00e9t\u00e9 dit mais sans vendre du r\u00eave. N&rsquo;oublions pas le secteur du handicap, le secteur des aides \u00e0 domicile et les autres secteurs du m\u00e9dico-social et du social ! N&rsquo;oublions pas les personnels du priv\u00e9 ! N&rsquo;oublions pas de noter, que sur le S\u00e9gur, les mauvais coups ne sont pas encore arriv\u00e9s ! Et n&rsquo;oublions pas que seule la mobilisation des personnels fait bouger les lignes  ! C&rsquo;est pourquoi la CGT fait sont S\u00e9gur dans la rue avec les personnels ! C&rsquo;est pourquoi nous continuerons \u00e0 nous mobiliser dans le froid et sous la pluie, avec lucidit\u00e9 et d\u00e9termination !\n<\/p>\n<p style= \"text-align: justify;\">\nD&rsquo;ailleurs depuis 3 ans, nous sommes arriv\u00e9s \u00e0 mobiliser les EHPAD. L&rsquo;ann\u00e9e derni\u00e8re c&rsquo;\u00e9tait les h\u00f4pitaux. L\u00e0 on voit surgir le m\u00e9dico-social et le social. On continue de travailler la convergence.\n<\/p>\n<p style= \"text-align: justify;\">\nEnsuite, il ne faut rien l\u00e2cher sur les salari\u00e9s malades du Covid que ce soit dans le public ou dans le priv\u00e9. C&rsquo;est quand m\u00eame scandaleux : sur le jour de carence, sur les primes de pr\u00e9sent\u00e9isme, sur la reconnaissance en maladie professionnelle comme les personnels sont men\u00e9s en bateau.\n<\/p>\n<p style= \"text-align: justify;\">\nAutre point important, leur volont\u00e9 de dynamiter l&rsquo;unit\u00e9 de la fonction publique hospitali\u00e8re reste intacte malgr\u00e9 le contexte. Le fait que dans la fonction publique, on puisse payer des personnels diff\u00e9remment, 183 euros pour certains, et rien pour d&rsquo;autres, est \u00e0 mettre en lien avec la Loi de transformation de la fonction publique avec la volont\u00e9 de d\u00e9manteler le statut. Leur volont\u00e9 est de cr\u00e9er un code du travail par entreprise et un para-statut local dans chaque \u00e9tablissement. C&rsquo;est pourquoi, il nous faut bien appr\u00e9hender les cons\u00e9quences de La loi du 6 ao\u00fbt 2019 dont la plupart des d\u00e9crets sont sortis pendant la crise sanitaire. Pour cela, nous organisons une journ\u00e9e d&rsquo;\u00e9tude r\u00e9gionale le 19 f\u00e9vrier en visio afin de partager nos r\u00e9flexions sur les diff\u00e9rents enjeux.\n<\/p>\n<p style= \"text-align: justify;\">\nEnfin, la prochaine journ\u00e9e d&rsquo;action nationale sera le 4 f\u00e9vrier. Il s&rsquo;agit d&rsquo;une journ\u00e9e interprofessionnelle, la premi\u00e8re de l&rsquo;ann\u00e9e. Les probl\u00e9matiques de la sant\u00e9 ne concernent pas seulement les personnels de la sant\u00e9. La question de l&rsquo;\u00e9nergie ne concerne pas que les professionnels du secteur. Les questions d&rsquo;\u00e9ducation ne concernent pas que les profs etc&#8230; C&rsquo;est l&rsquo;ensemble de la population qui est concern\u00e9e et qui est impact\u00e9e, donc la r\u00e9ponse doit \u00eatre collective.\n<\/p>\n<p><\/strong><\/p>\n<p style= \"text-align: justify;\">\n","protected":false},"excerpt":{"rendered":"<p>Rapport d&rsquo;actualit\u00e9 de la Commission Ex\u00e9cutive de l&rsquo;USD CGT Sant\u00e9 et Action Sociale 04 du 26 janvier 2021 \u00e0 Digne-les-Bains Pour commencer sur la situation sanitaire, le gouvernement continue de mettre en place une politique en fonction de la p\u00e9nurie des moyens, cette fois-ci il s&rsquo;agit des vaccins. Politique de la 6\u00e8me dose. Ensuite, il [&hellip;]<\/p>\n","protected":false},"author":1,"featured_media":0,"comment_status":"closed","ping_status":"closed","sticky":false,"template":"","format":"standard","meta":{"footnotes":""},"categories":[8],"tags":[],"views":805,"_links":{"self":[{"href":"http:\/\/www.cgt-hopital-manosque.fr\/index.php?rest_route=\/wp\/v2\/posts\/8179"}],"collection":[{"href":"http:\/\/www.cgt-hopital-manosque.fr\/index.php?rest_route=\/wp\/v2\/posts"}],"about":[{"href":"http:\/\/www.cgt-hopital-manosque.fr\/index.php?rest_route=\/wp\/v2\/types\/post"}],"author":[{"embeddable":true,"href":"http:\/\/www.cgt-hopital-manosque.fr\/index.php?rest_route=\/wp\/v2\/users\/1"}],"replies":[{"embeddable":true,"href":"http:\/\/www.cgt-hopital-manosque.fr\/index.php?rest_route=%2Fwp%2Fv2%2Fcomments&post=8179"}],"version-history":[{"count":2,"href":"http:\/\/www.cgt-hopital-manosque.fr\/index.php?rest_route=\/wp\/v2\/posts\/8179\/revisions"}],"predecessor-version":[{"id":8182,"href":"http:\/\/www.cgt-hopital-manosque.fr\/index.php?rest_route=\/wp\/v2\/posts\/8179\/revisions\/8182"}],"wp:attachment":[{"href":"http:\/\/www.cgt-hopital-manosque.fr\/index.php?rest_route=%2Fwp%2Fv2%2Fmedia&parent=8179"}],"wp:term":[{"taxonomy":"category","embeddable":true,"href":"http:\/\/www.cgt-hopital-manosque.fr\/index.php?rest_route=%2Fwp%2Fv2%2Fcategories&post=8179"},{"taxonomy":"post_tag","embeddable":true,"href":"http:\/\/www.cgt-hopital-manosque.fr\/index.php?rest_route=%2Fwp%2Fv2%2Ftags&post=8179"}],"curies":[{"name":"wp","href":"https:\/\/api.w.org\/{rel}","templated":true}]}}