{"id":8187,"date":"2021-01-31T18:05:07","date_gmt":"2021-01-31T18:05:07","guid":{"rendered":"http:\/\/www.cgt-hopital-manosque.fr\/?p=8187"},"modified":"2021-01-31T18:05:07","modified_gmt":"2021-01-31T18:05:07","slug":"31-janvier-2021-le-4-fevrier-en-greve-et-en-action-dans-la-sante-le-medico-social-et-le-social","status":"publish","type":"post","link":"http:\/\/www.cgt-hopital-manosque.fr\/?p=8187","title":{"rendered":"31 janvier 2021 &#8211; Le 4 f\u00e9vrier : en gr\u00e8ve et en action dans la sant\u00e9, le m\u00e9dico-social et le social"},"content":{"rendered":"<p><strong><\/p>\n<p style= \"text-align: justify;\">\nLe jeudi 4 f\u00e9vrier : premi\u00e8re journ\u00e9e de mobilisation interprofessionnelle de l&rsquo;ann\u00e9e avec une manif \u00e0 10h30 \u00e0 Digne. Ci-joint le tract de l&rsquo;UD CGT 04.<br \/>\nLes probl\u00e9matiques de la sant\u00e9 ne concernent pas seulement les personnels de la sant\u00e9. La question de l&rsquo;\u00e9nergie ne concerne pas que les professionnels du secteur. Les questions d&rsquo;\u00e9ducation ne concernent pas que les profs etc&#8230; C&rsquo;est l&rsquo;ensemble de la population qui est concern\u00e9e et qui est impact\u00e9e, donc la r\u00e9ponse doit \u00eatre collective. Soyons nombreuses et nombreux pour d\u00e9fendre un autre projet de soci\u00e9t\u00e9 et pour faire pencher la balance du bon c\u00f4t\u00e9 !\n<\/p>\n<p><\/strong><\/p>\n<p><a href=\"http:\/\/www.cgt-hopital-manosque.fr\/wp-content\/uploads\/2021\/01\/1336.-Tract-UD-CGT-pour-le-f\u00e9vrier-2021.jpg\"><img loading=\"lazy\" decoding=\"async\" src=\"http:\/\/www.cgt-hopital-manosque.fr\/wp-content\/uploads\/2021\/01\/1336.-Tract-UD-CGT-pour-le-f\u00e9vrier-2021.jpg\" alt=\"1336. Tract UD CGT pour le f\u00e9vrier 2021\" width=\"1240\" height=\"1755\" class=\"aligncenter size-full wp-image-8188\" srcset=\"http:\/\/www.cgt-hopital-manosque.fr\/wp-content\/uploads\/2021\/01\/1336.-Tract-UD-CGT-pour-le-f\u00e9vrier-2021.jpg 1240w, http:\/\/www.cgt-hopital-manosque.fr\/wp-content\/uploads\/2021\/01\/1336.-Tract-UD-CGT-pour-le-f\u00e9vrier-2021-212x300.jpg 212w, http:\/\/www.cgt-hopital-manosque.fr\/wp-content\/uploads\/2021\/01\/1336.-Tract-UD-CGT-pour-le-f\u00e9vrier-2021-724x1024.jpg 724w\" sizes=\"(max-width: 1240px) 100vw, 1240px\" \/><\/a><\/p>\n","protected":false},"excerpt":{"rendered":"<p>Le jeudi 4 f\u00e9vrier : premi\u00e8re journ\u00e9e de mobilisation interprofessionnelle de l&rsquo;ann\u00e9e avec une manif \u00e0 10h30 \u00e0 Digne. Ci-joint le tract de l&rsquo;UD CGT 04. Les probl\u00e9matiques de la sant\u00e9 ne concernent pas seulement les personnels de la sant\u00e9. La question de l&rsquo;\u00e9nergie ne concerne pas que les professionnels du secteur. Les questions d&rsquo;\u00e9ducation [&hellip;]<\/p>\n","protected":false},"author":1,"featured_media":0,"comment_status":"closed","ping_status":"closed","sticky":false,"template":"","format":"standard","meta":{"footnotes":""},"categories":[7],"tags":[],"views":866,"_links":{"self":[{"href":"http:\/\/www.cgt-hopital-manosque.fr\/index.php?rest_route=\/wp\/v2\/posts\/8187"}],"collection":[{"href":"http:\/\/www.cgt-hopital-manosque.fr\/index.php?rest_route=\/wp\/v2\/posts"}],"about":[{"href":"http:\/\/www.cgt-hopital-manosque.fr\/index.php?rest_route=\/wp\/v2\/types\/post"}],"author":[{"embeddable":true,"href":"http:\/\/www.cgt-hopital-manosque.fr\/index.php?rest_route=\/wp\/v2\/users\/1"}],"replies":[{"embeddable":true,"href":"http:\/\/www.cgt-hopital-manosque.fr\/index.php?rest_route=%2Fwp%2Fv2%2Fcomments&post=8187"}],"version-history":[{"count":1,"href":"http:\/\/www.cgt-hopital-manosque.fr\/index.php?rest_route=\/wp\/v2\/posts\/8187\/revisions"}],"predecessor-version":[{"id":8189,"href":"http:\/\/www.cgt-hopital-manosque.fr\/index.php?rest_route=\/wp\/v2\/posts\/8187\/revisions\/8189"}],"wp:attachment":[{"href":"http:\/\/www.cgt-hopital-manosque.fr\/index.php?rest_route=%2Fwp%2Fv2%2Fmedia&parent=8187"}],"wp:term":[{"taxonomy":"category","embeddable":true,"href":"http:\/\/www.cgt-hopital-manosque.fr\/index.php?rest_route=%2Fwp%2Fv2%2Fcategories&post=8187"},{"taxonomy":"post_tag","embeddable":true,"href":"http:\/\/www.cgt-hopital-manosque.fr\/index.php?rest_route=%2Fwp%2Fv2%2Ftags&post=8187"}],"curies":[{"name":"wp","href":"https:\/\/api.w.org\/{rel}","templated":true}]}}