{"id":8211,"date":"2021-02-09T19:06:31","date_gmt":"2021-02-09T19:06:31","guid":{"rendered":"http:\/\/www.cgt-hopital-manosque.fr\/?p=8211"},"modified":"2021-02-09T19:08:11","modified_gmt":"2021-02-09T19:08:11","slug":"8211","status":"publish","type":"post","link":"http:\/\/www.cgt-hopital-manosque.fr\/?p=8211","title":{"rendered":"9 f\u00e9vrier 2021 &#8211; Le 11 f\u00e9vrier \u00e0 Forcalquier &#8211; Nous ne serons jamais dans le renoncement et nous restons mobilis\u00e9s !"},"content":{"rendered":"<p><a href=\"http:\/\/www.cgt-hopital-manosque.fr\/wp-content\/uploads\/2021\/02\/1339.-Rassemblement-CGT-Sant\u00e9-et-Action-Sociale-du-11-f\u00e9vrier-2021-1.jpg\"><img loading=\"lazy\" decoding=\"async\" src=\"http:\/\/www.cgt-hopital-manosque.fr\/wp-content\/uploads\/2021\/02\/1339.-Rassemblement-CGT-Sant\u00e9-et-Action-Sociale-du-11-f\u00e9vrier-2021-1.jpg\" alt=\"1339. Rassemblement CGT Sant\u00e9 et Action Sociale du 11 f\u00e9vrier 2021 (1)\" width=\"1241\" height=\"1754\" class=\"aligncenter size-full wp-image-8212\" srcset=\"http:\/\/www.cgt-hopital-manosque.fr\/wp-content\/uploads\/2021\/02\/1339.-Rassemblement-CGT-Sant\u00e9-et-Action-Sociale-du-11-f\u00e9vrier-2021-1.jpg 1241w, http:\/\/www.cgt-hopital-manosque.fr\/wp-content\/uploads\/2021\/02\/1339.-Rassemblement-CGT-Sant\u00e9-et-Action-Sociale-du-11-f\u00e9vrier-2021-1-212x300.jpg 212w, http:\/\/www.cgt-hopital-manosque.fr\/wp-content\/uploads\/2021\/02\/1339.-Rassemblement-CGT-Sant\u00e9-et-Action-Sociale-du-11-f\u00e9vrier-2021-1-725x1024.jpg 725w\" sizes=\"(max-width: 1241px) 100vw, 1241px\" \/><\/a><\/p>\n<p><a href=\"http:\/\/www.cgt-hopital-manosque.fr\/wp-content\/uploads\/2021\/02\/1339.-Rassemblement-CGT-Sant\u00e9-et-Action-Sociale-du-11-f\u00e9vrier-2021-2.jpg\"><img loading=\"lazy\" decoding=\"async\" src=\"http:\/\/www.cgt-hopital-manosque.fr\/wp-content\/uploads\/2021\/02\/1339.-Rassemblement-CGT-Sant\u00e9-et-Action-Sociale-du-11-f\u00e9vrier-2021-2.jpg\" alt=\"1339. Rassemblement CGT Sant\u00e9 et Action Sociale du 11 f\u00e9vrier 2021 (2)\" width=\"1241\" height=\"1754\" class=\"aligncenter size-full wp-image-8214\" srcset=\"http:\/\/www.cgt-hopital-manosque.fr\/wp-content\/uploads\/2021\/02\/1339.-Rassemblement-CGT-Sant\u00e9-et-Action-Sociale-du-11-f\u00e9vrier-2021-2.jpg 1241w, http:\/\/www.cgt-hopital-manosque.fr\/wp-content\/uploads\/2021\/02\/1339.-Rassemblement-CGT-Sant\u00e9-et-Action-Sociale-du-11-f\u00e9vrier-2021-2-212x300.jpg 212w, http:\/\/www.cgt-hopital-manosque.fr\/wp-content\/uploads\/2021\/02\/1339.-Rassemblement-CGT-Sant\u00e9-et-Action-Sociale-du-11-f\u00e9vrier-2021-2-725x1024.jpg 725w\" sizes=\"(max-width: 1241px) 100vw, 1241px\" \/><\/a><\/p>\n<p><a href=\"http:\/\/www.cgt-hopital-manosque.fr\/wp-content\/uploads\/2021\/02\/1339.-Rassemblement-CGT-Sant\u00e9-et-Action-Sociale-du-11-f\u00e9vrier-2021-3.jpg\"><img loading=\"lazy\" decoding=\"async\" src=\"http:\/\/www.cgt-hopital-manosque.fr\/wp-content\/uploads\/2021\/02\/1339.-Rassemblement-CGT-Sant\u00e9-et-Action-Sociale-du-11-f\u00e9vrier-2021-3.jpg\" alt=\"1339. Rassemblement CGT Sant\u00e9 et Action Sociale du 11 f\u00e9vrier 2021 (3)\" width=\"1241\" height=\"1754\" class=\"aligncenter size-full wp-image-8215\" srcset=\"http:\/\/www.cgt-hopital-manosque.fr\/wp-content\/uploads\/2021\/02\/1339.-Rassemblement-CGT-Sant\u00e9-et-Action-Sociale-du-11-f\u00e9vrier-2021-3.jpg 1241w, http:\/\/www.cgt-hopital-manosque.fr\/wp-content\/uploads\/2021\/02\/1339.-Rassemblement-CGT-Sant\u00e9-et-Action-Sociale-du-11-f\u00e9vrier-2021-3-212x300.jpg 212w, http:\/\/www.cgt-hopital-manosque.fr\/wp-content\/uploads\/2021\/02\/1339.-Rassemblement-CGT-Sant\u00e9-et-Action-Sociale-du-11-f\u00e9vrier-2021-3-725x1024.jpg 725w\" sizes=\"(max-width: 1241px) 100vw, 1241px\" \/><\/a><\/p>\n<p><strong><\/p>\n<p style= \"text-align: justify;\">\nPOUR VOIR LE DOCUMENT COMPLET : <a href=\"http:\/\/www.cgt-hopital-manosque.fr\/wp-content\/uploads\/2021\/02\/1339.-Rassemblement-CGT-Sant\u00e9-et-Action-Sociale-du-11-f\u00e9vrier-2021.pdf\">CLIQUER ICI<\/a>\n<\/p>\n<p><\/strong><\/p>\n<p style= \"text-align: justify;\">\n","protected":false},"excerpt":{"rendered":"<p>POUR VOIR LE DOCUMENT COMPLET : CLIQUER ICI<\/p>\n","protected":false},"author":1,"featured_media":0,"comment_status":"closed","ping_status":"closed","sticky":false,"template":"","format":"standard","meta":{"footnotes":""},"categories":[8],"tags":[],"views":893,"_links":{"self":[{"href":"http:\/\/www.cgt-hopital-manosque.fr\/index.php?rest_route=\/wp\/v2\/posts\/8211"}],"collection":[{"href":"http:\/\/www.cgt-hopital-manosque.fr\/index.php?rest_route=\/wp\/v2\/posts"}],"about":[{"href":"http:\/\/www.cgt-hopital-manosque.fr\/index.php?rest_route=\/wp\/v2\/types\/post"}],"author":[{"embeddable":true,"href":"http:\/\/www.cgt-hopital-manosque.fr\/index.php?rest_route=\/wp\/v2\/users\/1"}],"replies":[{"embeddable":true,"href":"http:\/\/www.cgt-hopital-manosque.fr\/index.php?rest_route=%2Fwp%2Fv2%2Fcomments&post=8211"}],"version-history":[{"count":2,"href":"http:\/\/www.cgt-hopital-manosque.fr\/index.php?rest_route=\/wp\/v2\/posts\/8211\/revisions"}],"predecessor-version":[{"id":8218,"href":"http:\/\/www.cgt-hopital-manosque.fr\/index.php?rest_route=\/wp\/v2\/posts\/8211\/revisions\/8218"}],"wp:attachment":[{"href":"http:\/\/www.cgt-hopital-manosque.fr\/index.php?rest_route=%2Fwp%2Fv2%2Fmedia&parent=8211"}],"wp:term":[{"taxonomy":"category","embeddable":true,"href":"http:\/\/www.cgt-hopital-manosque.fr\/index.php?rest_route=%2Fwp%2Fv2%2Fcategories&post=8211"},{"taxonomy":"post_tag","embeddable":true,"href":"http:\/\/www.cgt-hopital-manosque.fr\/index.php?rest_route=%2Fwp%2Fv2%2Ftags&post=8211"}],"curies":[{"name":"wp","href":"https:\/\/api.w.org\/{rel}","templated":true}]}}