{"id":8220,"date":"2021-02-16T21:02:51","date_gmt":"2021-02-16T21:02:51","guid":{"rendered":"http:\/\/www.cgt-hopital-manosque.fr\/?p=8220"},"modified":"2021-02-16T21:05:56","modified_gmt":"2021-02-16T21:05:56","slug":"16-fevrier-2021-le-billet-dhumeur-de-la-semaine-de-christophe-prudhomme-benefices","status":"publish","type":"post","link":"http:\/\/www.cgt-hopital-manosque.fr\/?p=8220","title":{"rendered":"16 f\u00e9vrier 2021 &#8211; Le Billet d&rsquo;humeur de la semaine de Christophe Prudhomme \u00ab\u00a0B\u00e9n\u00e9fices\u00a0\u00bb"},"content":{"rendered":"<p><a href=\"http:\/\/www.cgt-hopital-manosque.fr\/wp-content\/uploads\/2020\/07\/1274.-S\u00e9gur-de-la-sant\u00e9-Christophe-Prudhomme.jpg\"><img loading=\"lazy\" decoding=\"async\" src=\"http:\/\/www.cgt-hopital-manosque.fr\/wp-content\/uploads\/2020\/07\/1274.-S\u00e9gur-de-la-sant\u00e9-Christophe-Prudhomme.jpg\" alt=\"1274. S\u00e9gur de la sant\u00e9 Christophe Prudhomme\" width=\"1048\" height=\"450\" class=\"aligncenter size-full wp-image-7818\" srcset=\"http:\/\/www.cgt-hopital-manosque.fr\/wp-content\/uploads\/2020\/07\/1274.-S\u00e9gur-de-la-sant\u00e9-Christophe-Prudhomme.jpg 1048w, http:\/\/www.cgt-hopital-manosque.fr\/wp-content\/uploads\/2020\/07\/1274.-S\u00e9gur-de-la-sant\u00e9-Christophe-Prudhomme-300x129.jpg 300w, http:\/\/www.cgt-hopital-manosque.fr\/wp-content\/uploads\/2020\/07\/1274.-S\u00e9gur-de-la-sant\u00e9-Christophe-Prudhomme-1024x440.jpg 1024w\" sizes=\"(max-width: 1048px) 100vw, 1048px\" \/><\/a><\/p>\n<p><strong><\/p>\n<p style= \"text-align: justify;\">\n<p style= \"text-align: justify;\">\nBillet d&rsquo;humeur de la semaine\n<\/p>\n<p style= \"text-align: justify;\">\n\u00ab\u00a0B\u00e9n\u00e9fices\u00a0\u00bb\n<\/p>\n<p style= \"text-align: justify;\">\nLe journal Les Echos a publi\u00e9 hier un article tr\u00e8s int\u00e9ressant titr\u00e9 \u00ab\u00a0Comment le COVID redessine les b\u00e9n\u00e9fices des laboratoires pharmaceutiques\u00a0\u00bb. Nous apprenons que le chiffre d\u2019affaires des 10 premi\u00e8res entreprises du m\u00e9dicament a \u00e9t\u00e9 en 2020 de 468,5 milliards de dollars et que le r\u00e9sultat op\u00e9rationnel, c\u2019est-\u00e0-dire les b\u00e9n\u00e9fices, se sont chiffr\u00e9s \u00e0 108,9 milliards de dollars, soit 23 % du chiffre d\u2019affaires. Cela signifie que pour un produit vendu 10 dollars, le laboratoire g\u00e9n\u00e8re 2,3 dollars de profit. Une comparaison est \u00e9clairante sur l\u2019\u00e9normit\u00e9 de ce chiffre : le r\u00e9sultat op\u00e9rationnel de Toyota, une des entreprises automobiles les plus rentables au monde, \u00e9tait de 8,2 % avant la crise.\n<\/p>\n<p style= \"text-align: justify;\">\nL\u2019industrie pharmaceutique est donc une des activit\u00e9s les plus rentables au monde alors qu\u2019elle produit des biens indispensables pour la population mondiale. Dans le contexte de la pand\u00e9mie actuelle qui n\u00e9cessite la production massive de vaccins au meilleur co\u00fbt avec une disponibilit\u00e9 pour l\u2019ensemble des pays de la plan\u00e8te, nous pouvons pointer une anomalie majeure. Est-il donc raisonnable de laisser les choses en l\u2019\u00e9tat ? S\u00fbrement pas. Au-del\u00e0 de la p\u00e9tition europ\u00e9enne \u00ab\u00a0Pas de profit sur la pand\u00e9mie\u00a0\u00bb se pose la question de la ma\u00eetrise publique de la production des m\u00e9dicaments qui ne peuvent \u00eatre des produits marchands comme les autres.\n<\/p>\n<p style= \"text-align: justify;\">\nLes opposants \u00e0 cette \u00e9volution nous expliquent qu\u2019il est normal que les actionnaires b\u00e9n\u00e9ficient d\u2019un retour sur leur investissement. C\u2019est bien l\u00e0 que le b\u00e2t blesse car de fait ces fameux investisseurs s\u2019appuient largement sur la recherche publique et sur la socialisation des d\u00e9penses pour engranger des b\u00e9n\u00e9fices honteux. Je ne suis pas \u00e9conomiste, mais je constate que les b\u00e9n\u00e9fices du seul Sanofi repr\u00e9sentent plus que ce que la somme octroy\u00e9e par le gouvernement pour le fameux S\u00e9gur de la sant\u00e9. Je ne peux donc que m\u2019interroger, en tant que soignant, sur l\u2019anormalit\u00e9 de cet \u00e9tat de fait qui explique largement les difficult\u00e9s rencontr\u00e9es dans nos h\u00f4pitaux, du fait du manque de manque de moyens chronique entretenu par les gouvernements depuis trop longtemps.\n<\/p>\n<p style= \"text-align: justify;\">\nDr Christophe Prudhomme\n<\/p>\n<p><\/strong><\/p>\n<p style= \"text-align: justify;\">\n","protected":false},"excerpt":{"rendered":"<p>Billet d&rsquo;humeur de la semaine \u00ab\u00a0B\u00e9n\u00e9fices\u00a0\u00bb Le journal Les Echos a publi\u00e9 hier un article tr\u00e8s int\u00e9ressant titr\u00e9 \u00ab\u00a0Comment le COVID redessine les b\u00e9n\u00e9fices des laboratoires pharmaceutiques\u00a0\u00bb. Nous apprenons que le chiffre d\u2019affaires des 10 premi\u00e8res entreprises du m\u00e9dicament a \u00e9t\u00e9 en 2020 de 468,5 milliards de dollars et que le r\u00e9sultat op\u00e9rationnel, c\u2019est-\u00e0-dire les [&hellip;]<\/p>\n","protected":false},"author":1,"featured_media":0,"comment_status":"closed","ping_status":"closed","sticky":false,"template":"","format":"standard","meta":{"footnotes":""},"categories":[8],"tags":[],"views":794,"_links":{"self":[{"href":"http:\/\/www.cgt-hopital-manosque.fr\/index.php?rest_route=\/wp\/v2\/posts\/8220"}],"collection":[{"href":"http:\/\/www.cgt-hopital-manosque.fr\/index.php?rest_route=\/wp\/v2\/posts"}],"about":[{"href":"http:\/\/www.cgt-hopital-manosque.fr\/index.php?rest_route=\/wp\/v2\/types\/post"}],"author":[{"embeddable":true,"href":"http:\/\/www.cgt-hopital-manosque.fr\/index.php?rest_route=\/wp\/v2\/users\/1"}],"replies":[{"embeddable":true,"href":"http:\/\/www.cgt-hopital-manosque.fr\/index.php?rest_route=%2Fwp%2Fv2%2Fcomments&post=8220"}],"version-history":[{"count":4,"href":"http:\/\/www.cgt-hopital-manosque.fr\/index.php?rest_route=\/wp\/v2\/posts\/8220\/revisions"}],"predecessor-version":[{"id":8224,"href":"http:\/\/www.cgt-hopital-manosque.fr\/index.php?rest_route=\/wp\/v2\/posts\/8220\/revisions\/8224"}],"wp:attachment":[{"href":"http:\/\/www.cgt-hopital-manosque.fr\/index.php?rest_route=%2Fwp%2Fv2%2Fmedia&parent=8220"}],"wp:term":[{"taxonomy":"category","embeddable":true,"href":"http:\/\/www.cgt-hopital-manosque.fr\/index.php?rest_route=%2Fwp%2Fv2%2Fcategories&post=8220"},{"taxonomy":"post_tag","embeddable":true,"href":"http:\/\/www.cgt-hopital-manosque.fr\/index.php?rest_route=%2Fwp%2Fv2%2Ftags&post=8220"}],"curies":[{"name":"wp","href":"https:\/\/api.w.org\/{rel}","templated":true}]}}