{"id":8225,"date":"2021-02-22T07:34:25","date_gmt":"2021-02-22T07:34:25","guid":{"rendered":"http:\/\/www.cgt-hopital-manosque.fr\/?p=8225"},"modified":"2021-02-22T07:34:25","modified_gmt":"2021-02-22T07:34:25","slug":"22-fevrier-2021-compte-rendu-de-la-journee-detude-du-19-fevrier-2021-sur-la-loi-de-transformation-de-la-fonction-publique","status":"publish","type":"post","link":"http:\/\/www.cgt-hopital-manosque.fr\/?p=8225","title":{"rendered":"22 f\u00e9vrier 2021 &#8211; Compte-rendu de la journ\u00e9e d&rsquo;\u00e9tude du 19 f\u00e9vrier 2021 sur la Loi de transformation de la fonction publique"},"content":{"rendered":"<p><a href=\"http:\/\/www.cgt-hopital-manosque.fr\/wp-content\/uploads\/2021\/02\/1341.-Journ\u00e9e-d\u00e9tude-Loi-de-transformation-de-la-fonction-publique.jpg\"><img loading=\"lazy\" decoding=\"async\" src=\"http:\/\/www.cgt-hopital-manosque.fr\/wp-content\/uploads\/2021\/02\/1341.-Journ\u00e9e-d\u00e9tude-Loi-de-transformation-de-la-fonction-publique.jpg\" alt=\"Journ\u00e9e d&#039;\u00e9tude Loi de transformation de la fonction publique\" width=\"960\" height=\"720\" class=\"aligncenter size-full wp-image-8226\" srcset=\"http:\/\/www.cgt-hopital-manosque.fr\/wp-content\/uploads\/2021\/02\/1341.-Journ\u00e9e-d\u00e9tude-Loi-de-transformation-de-la-fonction-publique.jpg 960w, http:\/\/www.cgt-hopital-manosque.fr\/wp-content\/uploads\/2021\/02\/1341.-Journ\u00e9e-d\u00e9tude-Loi-de-transformation-de-la-fonction-publique-300x225.jpg 300w\" sizes=\"(max-width: 960px) 100vw, 960px\" \/><\/a><\/p>\n<p><strong><\/p>\n<p style= \"text-align: justify;\">\nLa journ\u00e9e d&rsquo;\u00e9tude du 19 f\u00e9vrier 2021 organis\u00e9e par la coordination r\u00e9gionale CGT Sant\u00e9 et Action Sociale PACA a r\u00e9uni une bonne trentaine de connexions, pour un total de plus de 100 participants puisque certains syndicats et USD avaient d\u00e9cid\u00e9 de r\u00e9unir des commissions ex\u00e9cutives ce m\u00eame jour.\n<\/p>\n<p style= \"text-align: justify;\">\nNous avons pu apporter une vision globale de la Loi lors de cette journ\u00e9e en mettant en lien les diff\u00e9rentes pi\u00e8ces du puzzle pour en montrer toute la coh\u00e9rence.\n<\/p>\n<p style= \"text-align: justify;\">\nEn conclusion de cette initiative, nous avons d\u00e9cid\u00e9 d&rsquo;y apporter une suite logique en ciblant des probl\u00e9matiques sp\u00e9cifiques abord\u00e9es et en les approfondissant tant d&rsquo;un point de vue technique que politique. Au regard de l&rsquo;actualit\u00e9, le sujet choisi pour la prochaine initiative a \u00e9t\u00e9 les \u00ab\u00a0Lignes Directrices de Gestion\u00a0\u00bb.\n<\/p>\n<p style= \"text-align: justify;\">\n>> Ci-joint le diaporama pr\u00e9sent\u00e9 lors de la journ\u00e9e d&rsquo;\u00e9tude du 19 f\u00e9vrier sur la Loi de transformation de la fonction publique : <a href=\"http:\/\/www.cgt-hopital-manosque.fr\/wp-content\/uploads\/2021\/02\/1341.-Journ\u00e9e-d\u00e9tude-du-19-f\u00e9vrier-2021.pdf\">CLIQUER ICI<\/a>\n<\/p>\n<p style= \"text-align: justify;\">\n>> Ci-joint \u00e9galement l&rsquo;introduction relative \u00e0 cette  journ\u00e9e d&rsquo;\u00e9tude : <a href=\"http:\/\/www.cgt-hopital-manosque.fr\/wp-content\/uploads\/2021\/02\/1341.-Introduction-de-la-journ\u00e9e-d\u00e9tude.pdf\">CLIQUER ICI<\/a>\n<\/p>\n<p><\/strong><\/p>\n<p style= \"text-align: justify;\">\n","protected":false},"excerpt":{"rendered":"<p>La journ\u00e9e d&rsquo;\u00e9tude du 19 f\u00e9vrier 2021 organis\u00e9e par la coordination r\u00e9gionale CGT Sant\u00e9 et Action Sociale PACA a r\u00e9uni une bonne trentaine de connexions, pour un total de plus de 100 participants puisque certains syndicats et USD avaient d\u00e9cid\u00e9 de r\u00e9unir des commissions ex\u00e9cutives ce m\u00eame jour. Nous avons pu apporter une vision globale [&hellip;]<\/p>\n","protected":false},"author":1,"featured_media":0,"comment_status":"closed","ping_status":"closed","sticky":false,"template":"","format":"standard","meta":{"footnotes":""},"categories":[7],"tags":[],"views":794,"_links":{"self":[{"href":"http:\/\/www.cgt-hopital-manosque.fr\/index.php?rest_route=\/wp\/v2\/posts\/8225"}],"collection":[{"href":"http:\/\/www.cgt-hopital-manosque.fr\/index.php?rest_route=\/wp\/v2\/posts"}],"about":[{"href":"http:\/\/www.cgt-hopital-manosque.fr\/index.php?rest_route=\/wp\/v2\/types\/post"}],"author":[{"embeddable":true,"href":"http:\/\/www.cgt-hopital-manosque.fr\/index.php?rest_route=\/wp\/v2\/users\/1"}],"replies":[{"embeddable":true,"href":"http:\/\/www.cgt-hopital-manosque.fr\/index.php?rest_route=%2Fwp%2Fv2%2Fcomments&post=8225"}],"version-history":[{"count":1,"href":"http:\/\/www.cgt-hopital-manosque.fr\/index.php?rest_route=\/wp\/v2\/posts\/8225\/revisions"}],"predecessor-version":[{"id":8229,"href":"http:\/\/www.cgt-hopital-manosque.fr\/index.php?rest_route=\/wp\/v2\/posts\/8225\/revisions\/8229"}],"wp:attachment":[{"href":"http:\/\/www.cgt-hopital-manosque.fr\/index.php?rest_route=%2Fwp%2Fv2%2Fmedia&parent=8225"}],"wp:term":[{"taxonomy":"category","embeddable":true,"href":"http:\/\/www.cgt-hopital-manosque.fr\/index.php?rest_route=%2Fwp%2Fv2%2Fcategories&post=8225"},{"taxonomy":"post_tag","embeddable":true,"href":"http:\/\/www.cgt-hopital-manosque.fr\/index.php?rest_route=%2Fwp%2Fv2%2Ftags&post=8225"}],"curies":[{"name":"wp","href":"https:\/\/api.w.org\/{rel}","templated":true}]}}