{"id":8231,"date":"2021-03-02T15:56:44","date_gmt":"2021-03-02T15:56:44","guid":{"rendered":"http:\/\/www.cgt-hopital-manosque.fr\/?p=8231"},"modified":"2021-03-02T15:58:59","modified_gmt":"2021-03-02T15:58:59","slug":"2-mars-2021-billet-dhumeur-de-la-semaine-de-christophe-prudhomme-confidentialite","status":"publish","type":"post","link":"http:\/\/www.cgt-hopital-manosque.fr\/?p=8231","title":{"rendered":"2 mars 2021 &#8211; Billet d&rsquo;humeur de la semaine de Christophe Prudhomme \u00ab\u00a0Confidentialit\u00e9\u00a0\u00bb"},"content":{"rendered":"<p><a href=\"http:\/\/www.cgt-hopital-manosque.fr\/wp-content\/uploads\/2020\/07\/1274.-S\u00e9gur-de-la-sant\u00e9-Christophe-Prudhomme.jpg\"><img loading=\"lazy\" decoding=\"async\" src=\"http:\/\/www.cgt-hopital-manosque.fr\/wp-content\/uploads\/2020\/07\/1274.-S\u00e9gur-de-la-sant\u00e9-Christophe-Prudhomme.jpg\" alt=\"1274. S\u00e9gur de la sant\u00e9 Christophe Prudhomme\" width=\"1048\" height=\"450\" class=\"aligncenter size-full wp-image-7818\" srcset=\"http:\/\/www.cgt-hopital-manosque.fr\/wp-content\/uploads\/2020\/07\/1274.-S\u00e9gur-de-la-sant\u00e9-Christophe-Prudhomme.jpg 1048w, http:\/\/www.cgt-hopital-manosque.fr\/wp-content\/uploads\/2020\/07\/1274.-S\u00e9gur-de-la-sant\u00e9-Christophe-Prudhomme-300x129.jpg 300w, http:\/\/www.cgt-hopital-manosque.fr\/wp-content\/uploads\/2020\/07\/1274.-S\u00e9gur-de-la-sant\u00e9-Christophe-Prudhomme-1024x440.jpg 1024w\" sizes=\"(max-width: 1048px) 100vw, 1048px\" \/><\/a><\/p>\n<p><strong><\/p>\n<p style= \"text-align: justify;\">\nBillet d&rsquo;humeur de la semaine\n<\/p>\n<p style= \"text-align: justify;\">\nConfidentialit\u00e9\n<\/p>\n<p style= \"text-align: justify;\">\nJ\u2019ai choisi aujourd\u2019hui de vous parler d\u2019autre chose que du coronavirus, car il faut bien comprendre que toute l\u2019agitation du gouvernement autour des mesures de pseudo-confinement masque le fait que la p\u00e9riode est mise \u00e0 profit pour avancer masqu\u00e9 sur d\u2019autres sujets tr\u00e8s importants.\n<\/p>\n<p style= \"text-align: justify;\">\nIl s\u2019agit notamment de ce qui est appel\u00e9 le Health Data Hub, en fran\u00e7ais la collecte des donn\u00e9es de sant\u00e9 des fran\u00e7ais. Donn\u00e9es qui int\u00e9ressent au plus haut point, ceux qui en ont fait un grand business, je veux parler des fameux GAFAM (Google, Amazon, Facebook, Apple, Microsoft). Heureusement que certains veillent au grain, comme par exemple le conseil d\u2019administration de la CNAM (Caisse nationale d\u2019assurance maladie) qui vient d\u2019opposer un refus tr\u00e8s ferme \u00e0 la proposition du gouvernement de confier la gestion de cette entreprise \u00e0 Microsoft.\n<\/p>\n<p style= \"text-align: justify;\">\nPour comprendre l\u2019int\u00e9r\u00eat port\u00e9 \u00e0 la France, il faut savoir que notre S\u00e9curit\u00e9 sociale poss\u00e8de une des bases de donn\u00e9es de sant\u00e9 parmi les plus importantes du monde. Elle est utilis\u00e9e aujourd\u2019hui \u00e0 vis\u00e9e \u00e9pid\u00e9miologique alors que l\u2019objectif de cette op\u00e9ration est d\u2019ouvrir un acc\u00e8s \u00e0 vis\u00e9e commerciale, pour proposer des assurances et des soins soi-disant personnalis\u00e9s selon le niveau de risques des individus. Toutes choses en contradiction avec les fondements de la S\u00e9curit\u00e9 sociale qui collecte des cotisations proportionnelles aux revenus et qui finance les soins en fonction des besoins des patients.\n<\/p>\n<p style= \"text-align: justify;\">\nNous voyons bien que cette op\u00e9ration vise \u00e0 s\u2019accaparer un bien public pour engranger des profits.\n<\/p>\n<p style= \"text-align: justify;\">\nIl faut donc \u00eatre particuli\u00e8rement vigilants car sans mobilisation de la population pour la refuser, le gouvernement reviendra \u00e0 la charge pour aboutir \u00e0 ses fins. Nous sommes d\u00e9j\u00e0 assez surveill\u00e9s, contr\u00f4l\u00e9s, analys\u00e9s, notamment via nos t\u00e9l\u00e9phones portables, l\u2019utilisation de nos cartes de cr\u00e9dits ou encore par les r\u00e9seaux sociaux.\n<\/p>\n<p style= \"text-align: justify;\">\nNos donn\u00e9es de sant\u00e9 doivent \u00eatre prot\u00e9g\u00e9es et c\u2019est \u00e0 chacun de d\u00e9cider qui peut y avoir acc\u00e8s. C\u2019est tout l\u2019enjeu du fameux dossier m\u00e9dical partag\u00e9, serpent de mer depuis des ann\u00e9es mais dont la mise en place reste d\u2019actualit\u00e9. Il est essentiel qu\u2019il reste confidentiel et ne serve qu\u2019\u00e0 coordonner et am\u00e9liorer la prise en charge du patient par les diff\u00e9rents professionnels de sant\u00e9 choisis et d\u00e9sign\u00e9s par celui-ci.\n<\/p>\n<p style= \"text-align: justify;\">\nVeillons jalousement \u00e0 nos libert\u00e9s.\n<\/p>\n<p style= \"text-align: justify;\">\nDr Christophe Prudhomme\n<\/p>\n<p><\/strong><\/p>\n<p style= \"text-align: justify;\">\n","protected":false},"excerpt":{"rendered":"<p>Billet d&rsquo;humeur de la semaine Confidentialit\u00e9 J\u2019ai choisi aujourd\u2019hui de vous parler d\u2019autre chose que du coronavirus, car il faut bien comprendre que toute l\u2019agitation du gouvernement autour des mesures de pseudo-confinement masque le fait que la p\u00e9riode est mise \u00e0 profit pour avancer masqu\u00e9 sur d\u2019autres sujets tr\u00e8s importants. Il s\u2019agit notamment de ce [&hellip;]<\/p>\n","protected":false},"author":1,"featured_media":0,"comment_status":"closed","ping_status":"closed","sticky":false,"template":"","format":"standard","meta":{"footnotes":""},"categories":[8],"tags":[],"views":798,"_links":{"self":[{"href":"http:\/\/www.cgt-hopital-manosque.fr\/index.php?rest_route=\/wp\/v2\/posts\/8231"}],"collection":[{"href":"http:\/\/www.cgt-hopital-manosque.fr\/index.php?rest_route=\/wp\/v2\/posts"}],"about":[{"href":"http:\/\/www.cgt-hopital-manosque.fr\/index.php?rest_route=\/wp\/v2\/types\/post"}],"author":[{"embeddable":true,"href":"http:\/\/www.cgt-hopital-manosque.fr\/index.php?rest_route=\/wp\/v2\/users\/1"}],"replies":[{"embeddable":true,"href":"http:\/\/www.cgt-hopital-manosque.fr\/index.php?rest_route=%2Fwp%2Fv2%2Fcomments&post=8231"}],"version-history":[{"count":2,"href":"http:\/\/www.cgt-hopital-manosque.fr\/index.php?rest_route=\/wp\/v2\/posts\/8231\/revisions"}],"predecessor-version":[{"id":8234,"href":"http:\/\/www.cgt-hopital-manosque.fr\/index.php?rest_route=\/wp\/v2\/posts\/8231\/revisions\/8234"}],"wp:attachment":[{"href":"http:\/\/www.cgt-hopital-manosque.fr\/index.php?rest_route=%2Fwp%2Fv2%2Fmedia&parent=8231"}],"wp:term":[{"taxonomy":"category","embeddable":true,"href":"http:\/\/www.cgt-hopital-manosque.fr\/index.php?rest_route=%2Fwp%2Fv2%2Fcategories&post=8231"},{"taxonomy":"post_tag","embeddable":true,"href":"http:\/\/www.cgt-hopital-manosque.fr\/index.php?rest_route=%2Fwp%2Fv2%2Ftags&post=8231"}],"curies":[{"name":"wp","href":"https:\/\/api.w.org\/{rel}","templated":true}]}}