{"id":8235,"date":"2021-03-03T19:22:29","date_gmt":"2021-03-03T19:22:29","guid":{"rendered":"http:\/\/www.cgt-hopital-manosque.fr\/?p=8235"},"modified":"2021-03-03T19:24:55","modified_gmt":"2021-03-03T19:24:55","slug":"3-mars-2021-urgent-elections-cnracl-du-1er-au-15-mars-2021","status":"publish","type":"post","link":"http:\/\/www.cgt-hopital-manosque.fr\/?p=8235","title":{"rendered":"3 mars 2021 &#8211; Urgent &#8211; Elections CNRACL du 1er au 15 mars 2021"},"content":{"rendered":"<p><strong><\/p>\n<p style= \"text-align: justify;\">\nBonjour,<br \/>\nL\u2019\u00e9lection des repr\u00e9sentants des actifs et des retrait\u00e9s au conseil d\u2019administration de la CNRACL se d\u00e9roule du 1er au 15 mars 2021<\/p>\n<p style= \"text-align: justify;\">\nDans un contexte de volont\u00e9 de remise en cause des r\u00e9gimes de retraite, les \u00e9lections \u00e0 la CNRACL, la caisse de retraite des agents de la fonction publique hospitali\u00e8re, il est tr\u00e8s important de consolider la place de la CGT, organisation la plus revendicative dans cette instance.<\/p>\n<p style= \"text-align: justify;\">\n&#8211; Soit par internet :<br \/>\nDu 1er mars 2021 \u00e0 9 heures au 15 mars 2021 \u00e0 18 heures.<br \/>\nVous avez re\u00e7u accompagnant votre mat\u00e9riel de vote, un moyen d\u2019authentification, compos\u00e9 d\u2019un identifiant et d\u2019un mot de passe, g\u00e9n\u00e9r\u00e9s de fa\u00e7on al\u00e9atoire, permettant de vous connecter \u00e0 la plateforme de vote. Il est possible de voter depuis n&rsquo;importe quel ordinateur, tablette ou t\u00e9l\u00e9phone connect\u00e9 \u00e0 internet :<br \/>\n<a href=\"https:\/\/cnracl.vote.voxaly.com\/pages\/identification.htm\"target=\"_blank\">CLIQUER ICI<\/a><\/p>\n<p style= \"text-align: justify;\">\n&#8211; Soit par correspondance :<br \/>\nD\u00e8s r\u00e9ception de votre mat\u00e9riel de vote et jusqu&rsquo;au 15 mars 2021, le cachet de la poste faisant foi.<br \/>\nVous avez re\u00e7u le mat\u00e9riel de vote accompagn\u00e9 d&rsquo;une instruction. Il faut alors retourner votre carte T pr\u00e9affranchie apr\u00e8s y avoir appos\u00e9 l&rsquo;\u00e9tiquette de vote correspondant \u00e0 votre choix.<\/p>\n<p style= \"text-align: justify;\">\nVotez bien, votez CGT !<\/p>\n<p style= \"text-align: justify;\">\nCi-joint :<\/p>\n<p style= \"text-align: justify;\">\n>> Une vid\u00e9o pour savoir comment voter : <a href=\"https:\/\/www.youtube.com\/watch?v=HgghOmhGvYA\"target=\"_blank\">CLIQUER ICI<\/a><\/p>\n<p style= \"text-align: justify;\">\n>> Une note sur les modalit\u00e9s de vote : <a href=\"http:\/\/www.cgt-hopital-manosque.fr\/wp-content\/uploads\/2021\/03\/1343.-Modalit\u00e9s-de-vote-CNRACL-2021.pdf\">CLIQUER ICI<\/a><\/p>\n<p style= \"text-align: justify;\">\n>> Deux affiches CGT CNRACL :<br \/>\n<a href=\"http:\/\/www.cgt-hopital-manosque.fr\/wp-content\/uploads\/2021\/03\/1343.-Elections-CNRACL-affiche-1.png\"><img loading=\"lazy\" decoding=\"async\" src=\"http:\/\/www.cgt-hopital-manosque.fr\/wp-content\/uploads\/2021\/03\/1343.-Elections-CNRACL-affiche-1.png\" alt=\"1343. Elections CNRACL affiche 1\" width=\"520\" height=\"774\" class=\"aligncenter size-full wp-image-8237\" srcset=\"http:\/\/www.cgt-hopital-manosque.fr\/wp-content\/uploads\/2021\/03\/1343.-Elections-CNRACL-affiche-1.png 520w, http:\/\/www.cgt-hopital-manosque.fr\/wp-content\/uploads\/2021\/03\/1343.-Elections-CNRACL-affiche-1-202x300.png 202w\" sizes=\"(max-width: 520px) 100vw, 520px\" \/><\/a><\/p>\n<p><a href=\"http:\/\/www.cgt-hopital-manosque.fr\/wp-content\/uploads\/2021\/03\/1343.-Elections-CNRACL-affiche-2.jpg\"><img loading=\"lazy\" decoding=\"async\" src=\"http:\/\/www.cgt-hopital-manosque.fr\/wp-content\/uploads\/2021\/03\/1343.-Elections-CNRACL-affiche-2.jpg\" alt=\"1343. Elections CNRACL affiche 2\" width=\"418\" height=\"588\" class=\"aligncenter size-full wp-image-8238\" srcset=\"http:\/\/www.cgt-hopital-manosque.fr\/wp-content\/uploads\/2021\/03\/1343.-Elections-CNRACL-affiche-2.jpg 418w, http:\/\/www.cgt-hopital-manosque.fr\/wp-content\/uploads\/2021\/03\/1343.-Elections-CNRACL-affiche-2-213x300.jpg 213w\" sizes=\"(max-width: 418px) 100vw, 418px\" \/><\/a>\n<\/p>\n<p><\/strong><\/p>\n<p style= \"text-align: justify;\">\n","protected":false},"excerpt":{"rendered":"<p>Bonjour, L\u2019\u00e9lection des repr\u00e9sentants des actifs et des retrait\u00e9s au conseil d\u2019administration de la CNRACL se d\u00e9roule du 1er au 15 mars 2021 Dans un contexte de volont\u00e9 de remise en cause des r\u00e9gimes de retraite, les \u00e9lections \u00e0 la CNRACL, la caisse de retraite des agents de la fonction publique hospitali\u00e8re, il est tr\u00e8s [&hellip;]<\/p>\n","protected":false},"author":1,"featured_media":0,"comment_status":"closed","ping_status":"closed","sticky":false,"template":"","format":"standard","meta":{"footnotes":""},"categories":[7],"tags":[],"views":777,"_links":{"self":[{"href":"http:\/\/www.cgt-hopital-manosque.fr\/index.php?rest_route=\/wp\/v2\/posts\/8235"}],"collection":[{"href":"http:\/\/www.cgt-hopital-manosque.fr\/index.php?rest_route=\/wp\/v2\/posts"}],"about":[{"href":"http:\/\/www.cgt-hopital-manosque.fr\/index.php?rest_route=\/wp\/v2\/types\/post"}],"author":[{"embeddable":true,"href":"http:\/\/www.cgt-hopital-manosque.fr\/index.php?rest_route=\/wp\/v2\/users\/1"}],"replies":[{"embeddable":true,"href":"http:\/\/www.cgt-hopital-manosque.fr\/index.php?rest_route=%2Fwp%2Fv2%2Fcomments&post=8235"}],"version-history":[{"count":3,"href":"http:\/\/www.cgt-hopital-manosque.fr\/index.php?rest_route=\/wp\/v2\/posts\/8235\/revisions"}],"predecessor-version":[{"id":8241,"href":"http:\/\/www.cgt-hopital-manosque.fr\/index.php?rest_route=\/wp\/v2\/posts\/8235\/revisions\/8241"}],"wp:attachment":[{"href":"http:\/\/www.cgt-hopital-manosque.fr\/index.php?rest_route=%2Fwp%2Fv2%2Fmedia&parent=8235"}],"wp:term":[{"taxonomy":"category","embeddable":true,"href":"http:\/\/www.cgt-hopital-manosque.fr\/index.php?rest_route=%2Fwp%2Fv2%2Fcategories&post=8235"},{"taxonomy":"post_tag","embeddable":true,"href":"http:\/\/www.cgt-hopital-manosque.fr\/index.php?rest_route=%2Fwp%2Fv2%2Ftags&post=8235"}],"curies":[{"name":"wp","href":"https:\/\/api.w.org\/{rel}","templated":true}]}}