{"id":824,"date":"2012-10-21T16:19:10","date_gmt":"2012-10-21T16:19:10","guid":{"rendered":"http:\/\/www.cgt-hopital-manosque.fr\/?p=824"},"modified":"2012-10-21T16:42:06","modified_gmt":"2012-10-21T16:42:06","slug":"22-octobre-2012-attention-vous-avez-la-possibilite-de-suivre-une-formation-gratuite-organisee-par-lanfh","status":"publish","type":"post","link":"http:\/\/www.cgt-hopital-manosque.fr\/?p=824","title":{"rendered":"22 octobre 2012 &#8211; Attention, vous avez la possibilit\u00e9 de suivre une formation gratuite organis\u00e9e par l&rsquo;ANFH"},"content":{"rendered":"<p style= \"text-align: justify;\">\n<p>Intitul\u00e9 :  <strong>\u00ab\u00a0Traumatis\u00e9s cr\u00e2niens &#8230; Les parcours de soins\u00a0\u00bb<\/strong><\/p>\n<p>Date : Le 4 d\u00e9cembre 2012<br \/>\nLieu : Sainte-Victoire Business Center \u00e0 Fuveau (pr\u00e8s d&rsquo;Aix-en-Provence)<\/p>\n<p><strong>Objectif :<\/strong><\/p>\n<p>Cette journ\u00e9e est plac\u00e9e sous le signe de l\u2019interdisciplinarit\u00e9 n\u00e9cessaire au traitement de cette pathologie avec l\u2019intervention de nombreux professionnels tels que des m\u00e9decins en neurochirurgie, neurologie, neuropsychologie, chacun intervenant dans son domaine en vue de l\u2019am\u00e9lioration de la prise en charge globale de ces patients. <\/p>\n<p><strong>Public :<\/strong><\/p>\n<p>Elle est ouverte \u00e0 tout public et principalement \u00e0 l\u2019ensemble des personnes travaillant dans les services de r\u00e9\u00e9ducation.<br \/>\nPour toute inscription, veuillez vous rapprocher du service formation de l&rsquo;\u00e9tablissement qui fera un retour group\u00e9 de toutes les inscriptions \u00e0 l&rsquo;ANFH avant le 23 novembre 2012.<\/p>\n<p>Dur\u00e9e : 1 jour<\/p>\n<p>Nombre de participants : 200 maximum<\/p>\n<p>Pour tout renseignement compl\u00e9mentaire, merci de nous contacter<\/p>\n","protected":false},"excerpt":{"rendered":"<p>Intitul\u00e9 : \u00ab\u00a0Traumatis\u00e9s cr\u00e2niens &#8230; Les parcours de soins\u00a0\u00bb Date : Le 4 d\u00e9cembre 2012 Lieu : Sainte-Victoire Business Center \u00e0 Fuveau (pr\u00e8s d&rsquo;Aix-en-Provence) Objectif : Cette journ\u00e9e est plac\u00e9e sous le signe de l\u2019interdisciplinarit\u00e9 n\u00e9cessaire au traitement de cette pathologie avec l\u2019intervention de nombreux professionnels tels que des m\u00e9decins en neurochirurgie, neurologie, neuropsychologie, chacun [&hellip;]<\/p>\n","protected":false},"author":1,"featured_media":0,"comment_status":"closed","ping_status":"open","sticky":false,"template":"","format":"standard","meta":{"footnotes":""},"categories":[5],"tags":[],"views":2056,"_links":{"self":[{"href":"http:\/\/www.cgt-hopital-manosque.fr\/index.php?rest_route=\/wp\/v2\/posts\/824"}],"collection":[{"href":"http:\/\/www.cgt-hopital-manosque.fr\/index.php?rest_route=\/wp\/v2\/posts"}],"about":[{"href":"http:\/\/www.cgt-hopital-manosque.fr\/index.php?rest_route=\/wp\/v2\/types\/post"}],"author":[{"embeddable":true,"href":"http:\/\/www.cgt-hopital-manosque.fr\/index.php?rest_route=\/wp\/v2\/users\/1"}],"replies":[{"embeddable":true,"href":"http:\/\/www.cgt-hopital-manosque.fr\/index.php?rest_route=%2Fwp%2Fv2%2Fcomments&post=824"}],"version-history":[{"count":5,"href":"http:\/\/www.cgt-hopital-manosque.fr\/index.php?rest_route=\/wp\/v2\/posts\/824\/revisions"}],"predecessor-version":[{"id":829,"href":"http:\/\/www.cgt-hopital-manosque.fr\/index.php?rest_route=\/wp\/v2\/posts\/824\/revisions\/829"}],"wp:attachment":[{"href":"http:\/\/www.cgt-hopital-manosque.fr\/index.php?rest_route=%2Fwp%2Fv2%2Fmedia&parent=824"}],"wp:term":[{"taxonomy":"category","embeddable":true,"href":"http:\/\/www.cgt-hopital-manosque.fr\/index.php?rest_route=%2Fwp%2Fv2%2Fcategories&post=824"},{"taxonomy":"post_tag","embeddable":true,"href":"http:\/\/www.cgt-hopital-manosque.fr\/index.php?rest_route=%2Fwp%2Fv2%2Ftags&post=824"}],"curies":[{"name":"wp","href":"https:\/\/api.w.org\/{rel}","templated":true}]}}