{"id":8242,"date":"2021-03-07T13:18:26","date_gmt":"2021-03-07T13:18:26","guid":{"rendered":"http:\/\/www.cgt-hopital-manosque.fr\/?p=8242"},"modified":"2021-03-07T13:19:56","modified_gmt":"2021-03-07T13:19:56","slug":"7-mars-2021-des-heros-desormais-pointes-du-doigt-la-vaccination-des-soignants-dans-le-viseur-de-lexecutif-sur-bfm-tv","status":"publish","type":"post","link":"http:\/\/www.cgt-hopital-manosque.fr\/?p=8242","title":{"rendered":"7 mars 2021 &#8211; Des h\u00e9ros d\u00e9sormais point\u00e9s du doigt : La vaccination des soignants dans le viseur de l&rsquo;ex\u00e9cutif (sur BFM TV)"},"content":{"rendered":"<p><a href=\"http:\/\/www.cgt-hopital-manosque.fr\/wp-content\/uploads\/2021\/03\/1344.-Les-soignants-dans-le-viseur-de-V\u00e9ran.jpg\"><img loading=\"lazy\" decoding=\"async\" src=\"http:\/\/www.cgt-hopital-manosque.fr\/wp-content\/uploads\/2021\/03\/1344.-Les-soignants-dans-le-viseur-de-V\u00e9ran.jpg\" alt=\"1344. Les soignants dans le viseur de V\u00e9ran\" width=\"830\" height=\"710\" class=\"aligncenter size-full wp-image-8243\" srcset=\"http:\/\/www.cgt-hopital-manosque.fr\/wp-content\/uploads\/2021\/03\/1344.-Les-soignants-dans-le-viseur-de-V\u00e9ran.jpg 830w, http:\/\/www.cgt-hopital-manosque.fr\/wp-content\/uploads\/2021\/03\/1344.-Les-soignants-dans-le-viseur-de-V\u00e9ran-300x257.jpg 300w\" sizes=\"(max-width: 830px) 100vw, 830px\" \/><\/a><\/p>\n<p><strong><\/p>\n<p style= \"text-align: justify;\">\n\u00ab\u00a0La vaccination des personnels soignants est au c\u0153ur des d\u00e9bats alors que seul un tiers d&rsquo;entre eux a re\u00e7u le pr\u00e9cieux s\u00e9rum. Le ministre de la Sant\u00e9 envisage de leur imposer la vaccination obligatoire&#8230;\u00a0\u00bb (BFM TV)\n<\/p>\n<p style= \"text-align: justify;\">\nLes h\u00e9ros d&rsquo;hier deviennent-ils aujourd\u2019hui selon notre ministre de la sant\u00e9 des tueurs en puissance ?<br \/>\nApr\u00e8s les applaudissements, la r\u00e9pression ?<br \/>\nAttention de ne pas \u00e9c\u0153urer des personnels tr\u00e8s engag\u00e9s et qui prennent des risques tous les jours en allant travailler !\n<\/p>\n<p style= \"text-align: justify;\">\nPour voir la vid\u00e9o : <a href=\"https:\/\/www.bfmtv.com\/sante\/des-heros-desormais-pointes-du-doigt-la-vaccination-des-soignants-dans-le-viseur-de-l-executif_AD-202103050067.html\"target=\"_blank\">CLIQUER ICI<\/a>\n<\/p>\n<p><\/strong><\/p>\n<p style= \"text-align: justify;\">\n","protected":false},"excerpt":{"rendered":"<p>\u00ab\u00a0La vaccination des personnels soignants est au c\u0153ur des d\u00e9bats alors que seul un tiers d&rsquo;entre eux a re\u00e7u le pr\u00e9cieux s\u00e9rum. Le ministre de la Sant\u00e9 envisage de leur imposer la vaccination obligatoire&#8230;\u00a0\u00bb (BFM TV) Les h\u00e9ros d&rsquo;hier deviennent-ils aujourd\u2019hui selon notre ministre de la sant\u00e9 des tueurs en puissance ? Apr\u00e8s les applaudissements, [&hellip;]<\/p>\n","protected":false},"author":1,"featured_media":0,"comment_status":"closed","ping_status":"closed","sticky":false,"template":"","format":"standard","meta":{"footnotes":""},"categories":[8],"tags":[],"views":799,"_links":{"self":[{"href":"http:\/\/www.cgt-hopital-manosque.fr\/index.php?rest_route=\/wp\/v2\/posts\/8242"}],"collection":[{"href":"http:\/\/www.cgt-hopital-manosque.fr\/index.php?rest_route=\/wp\/v2\/posts"}],"about":[{"href":"http:\/\/www.cgt-hopital-manosque.fr\/index.php?rest_route=\/wp\/v2\/types\/post"}],"author":[{"embeddable":true,"href":"http:\/\/www.cgt-hopital-manosque.fr\/index.php?rest_route=\/wp\/v2\/users\/1"}],"replies":[{"embeddable":true,"href":"http:\/\/www.cgt-hopital-manosque.fr\/index.php?rest_route=%2Fwp%2Fv2%2Fcomments&post=8242"}],"version-history":[{"count":2,"href":"http:\/\/www.cgt-hopital-manosque.fr\/index.php?rest_route=\/wp\/v2\/posts\/8242\/revisions"}],"predecessor-version":[{"id":8245,"href":"http:\/\/www.cgt-hopital-manosque.fr\/index.php?rest_route=\/wp\/v2\/posts\/8242\/revisions\/8245"}],"wp:attachment":[{"href":"http:\/\/www.cgt-hopital-manosque.fr\/index.php?rest_route=%2Fwp%2Fv2%2Fmedia&parent=8242"}],"wp:term":[{"taxonomy":"category","embeddable":true,"href":"http:\/\/www.cgt-hopital-manosque.fr\/index.php?rest_route=%2Fwp%2Fv2%2Fcategories&post=8242"},{"taxonomy":"post_tag","embeddable":true,"href":"http:\/\/www.cgt-hopital-manosque.fr\/index.php?rest_route=%2Fwp%2Fv2%2Ftags&post=8242"}],"curies":[{"name":"wp","href":"https:\/\/api.w.org\/{rel}","templated":true}]}}