{"id":8247,"date":"2021-03-12T17:17:36","date_gmt":"2021-03-12T17:17:36","guid":{"rendered":"http:\/\/www.cgt-hopital-manosque.fr\/?p=8247"},"modified":"2021-03-12T17:18:01","modified_gmt":"2021-03-12T17:18:01","slug":"12-mars-2021-le-20-mars-coordonnons-et-organisons-la-riposte-pour-nos-libertes-a-commencer-par-celle-de-se-soigner-dignement-dans-le-04","status":"publish","type":"post","link":"http:\/\/www.cgt-hopital-manosque.fr\/?p=8247","title":{"rendered":"12 mars 2021 &#8211; Le 20 mars : Coordonnons et organisons la riposte pour nos libert\u00e9s&#8230; A commencer par celle de se soigner dignement dans le 04 !"},"content":{"rendered":"<p><strong><\/p>\n<p style= \"text-align: justify;\">\nBonjour,<br \/>\nNous tenons \u00e0 remercier tr\u00e8s fortement la vingtaine de participants de la r\u00e9union en visio du 4 mars (repr\u00e9sentant une quinzaine d&rsquo;organisations) pour leur pr\u00e9sence mais surtout pour leur participation active et pertinente !<br \/>\nCela faisait tr\u00e8s longtemps que nous n&rsquo;avions pas vu autant d&rsquo;organisations pr\u00e9sentes dans une m\u00eame r\u00e9union dans le d\u00e9partement. C&rsquo;est un signe fort !\n<\/p>\n<p style= \"text-align: justify;\">\nCe qui ressort essentiellement de cette r\u00e9union c&rsquo;est un constat partag\u00e9 sur la question pos\u00e9e en introduction :<br \/>\n\u00ab\u00a0Si nous partons du principe que la d\u00e9fense des libert\u00e9s d\u00e9mocratiques et individuelles est indissociable de la d\u00e9fense des droits sociaux et des conqu\u00eates sociales, que ce sont en quelque sorte les deux faces d&rsquo;une m\u00eame pi\u00e8ce, alors comment les relie-t-on en termes de strat\u00e9gie et d&rsquo;action ?\u00a0\u00bb\n<\/p>\n<p style= \"text-align: justify;\">\nOui, cet \u00e9tat d&rsquo;urgence vise principalement \u00e0 leur permettre de faire passer tous leurs plans r\u00e9gressifs et notamment contre l&rsquo;h\u00f4pital. Les services continuent \u00e0 fermer, les lits continuent \u00e0 fermer, les projets de fusion \/ absorption continuent d&rsquo;\u00e9merger&#8230; On a aujourd&rsquo;hui moins de lits de r\u00e9animation en France qu&rsquo;en d\u00e9cembre 2019.\n<\/p>\n<p style= \"text-align: justify;\">\nLa question de l&rsquo;unit\u00e9 et du tous ensemble a \u00e9t\u00e9 clairement pos\u00e9e. C&rsquo;est tout le sens de l&rsquo;appel unitaire se trouvant en pi\u00e8ce jointe r\u00e9dig\u00e9e \u00e0 la sortie de cette r\u00e9union ( <a href=\"http:\/\/www.cgt-hopital-manosque.fr\/wp-content\/uploads\/2021\/03\/1345.-Appel-unitaire-du-10-mars-2021.pdf\">CLIQUER ICI)<\/a> ).\n<\/p>\n<p style= \"text-align: justify;\">\nNous avons besoin d&rsquo;apporter des r\u00e9ponses collectives et coordonn\u00e9es face \u00e0 des attaques qui le sont \u00e9galement.\n<\/p>\n<p style= \"text-align: justify;\">\nNous avons un exemple r\u00e9cent dans le d\u00e9partement o\u00f9 l&rsquo;unit\u00e9 d&rsquo;action associ\u00e9e \u00e0 une forte d\u00e9termination ont apport\u00e9 une victoire pour tout le peuple des Alpes de Haute Provence et m\u00eame au del\u00e0.\n<\/p>\n<p style= \"text-align: justify;\">\nOui, 14 mois de luttes, une soixantaine de rassemblements, de nombreuses actions compl\u00e9mentaires et un travail sur le fond avec de nombreuses propositions, ont permis la r\u00e9ouverture des Urgences de nuit \u00e0 Sisteron en septembre 2020. Lors du rassemblement du 7 septembre pour f\u00eater la victoire, nous avions mis en avant le travail collectif et expliqu\u00e9 que ce qui avait \u00e9t\u00e9 particuli\u00e8rement int\u00e9ressant c&rsquo;est de voir \u0153uvrer des gens tr\u00e8s diff\u00e9rents, ensemble, d\u00e9termin\u00e9s vers un m\u00eame objectif, vers l&rsquo;int\u00e9r\u00eat g\u00e9n\u00e9ral !\n<\/p>\n<p style= \"text-align: justify;\">\nEn effet, rien n&rsquo;est jamais jou\u00e9 d&rsquo;avance ! On voit tr\u00e8s bien que c&rsquo;est la mise en place d&rsquo;un rapport de force \u00e0 un instant T qui va faire bouger les lignes, les fronti\u00e8res. Et \u00e0 Sisteron, ce que nous avons r\u00e9ussi \u00e0 faire, c&rsquo;est justement de faire bouger ces fronti\u00e8res et \u00e0 rendre possible l&rsquo;impossible, \u00e0 rendre r\u00e9alisable l&rsquo;irr\u00e9alisable. Et c&rsquo;est la puissance de la volont\u00e9 collective qui a permis d&rsquo;arriver \u00e0 ce r\u00e9sultat l\u00e0 !<br \/>\nCar nous avons r\u00e9ussi \u00e0 mettre beaucoup d&rsquo;intensit\u00e9 d\u00e8s le d\u00e9part, avec une tr\u00e8s forte volont\u00e9 collective. C&rsquo;\u00e9tait le premier enjeu. Et le second enjeu, c&rsquo;\u00e9tait de faire durer dans le temps cette intensit\u00e9. Nous avions un objectif, nous nous sommes concentr\u00e9s uniquement sur cet objectif en mettant tout en \u0153uvre, avec les moyens dont nous disposions, pour y arriver.\n<\/p>\n<p style= \"text-align: justify;\">\nCette belle victoire citoyenne et syndicale a fait prendre conscience \u00e0 bon nombre de participants de notre force, de la puissance de ce que peut engendrer la volont\u00e9 d&rsquo;un peuple d\u00e9termin\u00e9.\n<\/p>\n<p style= \"text-align: justify;\">\nLors du rassemblement de la victoire, je me rappelle que nous avions dit : \u00ab\u00a0Nous avons gravi une montagne. Il y en aura d&rsquo;autres derri\u00e8re. Mais quand on l&rsquo;a fait une fois, on sait qu&rsquo;on peut le refaire !\u00a0\u00bb.\n<\/p>\n<p style= \"text-align: justify;\">\nEt aujourd&rsquo;hui, nous avons de nouvelles \u00e9preuves \u00e0 relever.\n<\/p>\n<p style= \"text-align: justify;\">\nDans cette p\u00e9riode de sid\u00e9ration g\u00e9n\u00e9ralis\u00e9e, de chaos instrumentalis\u00e9, de peurs amplifi\u00e9es, ils se servent des souffrances de la population et des efforts importants qui lui est demand\u00e9 pour acc\u00e9l\u00e9rer les attaques contre les libert\u00e9s, le droit du travail, les services publics, l&rsquo;h\u00f4pital&#8230;\n<\/p>\n<p style= \"text-align: justify;\">\nDans le 04, nous sommes en plein l\u00e0 dedans avec un niveau d&rsquo;attaques extr\u00eamement \u00e9lev\u00e9.<br \/>\nL\u00e0, on a un exemple tr\u00e8s r\u00e9cent qui va dans ce sens, avec encore un projet de fusion entre 3 nouveaux \u00e9tablissements (Riez, Puimoisson et Valensole) qui vient d&rsquo;\u00eatre annonc\u00e9 pour le moment oralement \u00e0 certains repr\u00e9sentants du personnel.<br \/>\nNous sommes confront\u00e9s \u00e0 un extr\u00e9misme, \u00e0 une radicalit\u00e9 qu&rsquo;on voit rarement ailleurs. Apparemment, ils ont d\u00e9cid\u00e9 de cibler le 04. Ils ont d\u00e9cid\u00e9 de mettre \u00e0 terre l&rsquo;organisation sanitaire actuelle !\n<\/p>\n<p style= \"text-align: justify;\">\nC&rsquo;est particuli\u00e8rement ignoble dans la p\u00e9riode de crise sanitaire ! En m\u00eame temps, ils d\u00e9voilent de plus en plus leur vrai visage ! Le Directeur G\u00e9n\u00e9ral de l&rsquo;ARS PACA veut en finir avec les h\u00f4pitaux et EHPAD du d\u00e9partement !\n<\/p>\n<p style= \"text-align: justify;\">\nIls mettent en place une soci\u00e9t\u00e9 totalement financiaris\u00e9e qui oublie compl\u00e8tement l&rsquo;homme, en enlevant tout sens au politique. Il s&rsquo;agit par exemple de d\u00e9velopper des processus de transformation continue des structures en vue d&rsquo;un approfondissement ind\u00e9finie du pouvoir de domination des dominants. La volont\u00e9 de fusionner l&rsquo;ensemble des h\u00f4pitaux du d\u00e9partement est de mettre en place un unique centre de d\u00e9cision autoritaire pour \u00e9viter tout d\u00e9bat contradictoire, tout contre-pouvoir, et avoir un tapis rouge pour fermer les services les moins \u00ab\u00a0rentables\u00a0\u00bb et privatiser les autres quitte \u00e0 mettre en danger une partie importante de la population.\n<\/p>\n<p style= \"text-align: justify;\">\nA ce sujet, ci-joint le courrier unitaire envoy\u00e9 ce jour au Directeur G\u00e9n\u00e9ral de l&rsquo;ARS PACA pour d\u00e9noncer ce projet et en demander le retrait ( <a href=\"http:\/\/www.cgt-hopital-manosque.fr\/wp-content\/uploads\/2021\/03\/1345.-Courrier-au-DG-de-lARS-PACA-du-10-mars-2021.pdf\">CLIQUER ICI<\/a> ).\n<\/p>\n<p style= \"text-align: justify;\">\nEn face de nous, nous avons des gens d&rsquo;une extr\u00eame intransigeance, refusant d\u00e9sormais tout compromis, toute n\u00e9gociation, toute \u00e9coute des revendications des travailleurs comme des citoyens. C&rsquo;est ce qui a conduit d&rsquo;ailleurs au mouvement des gilets jaunes. Et c&rsquo;est ce qui a conduit \u00e0 la lutte \u00e0 Sisteron.\n<\/p>\n<p style= \"text-align: justify;\">\nEn effet, leur aveuglement et leur surdit\u00e9 am\u00e8ne une radicalit\u00e9 car une radicalit\u00e9 en appelle une autre !\n<\/p>\n<p style= \"text-align: justify;\">\nNous avons en face de nous des gens qui savent ce qu&rsquo;ils veulent et o\u00f9 ils vont. Donc, face \u00e0 eux, nous, nous devons savoir ce que nous voulons et o\u00f9 nous allons !<br \/>\nSinon, nous serons d\u00e9fait par dispersion !\n<\/p>\n<p style= \"text-align: justify;\">\nIl nous faut \u00eatre coordonn\u00e9s et organis\u00e9s !<br \/>\nEt il nous faut nous concentrer uniquement sur ce qui nous rassemble !\n<\/p>\n<p style= \"text-align: justify;\">\nSoyons nombreuses et nombreux le samedi 20 mars \u00e0 14h30 \u00e0 Forcalquier (place de la Mairie) pour exiger :\n<\/p>\n<p style= \"text-align: justify;\">\n&#8211; l&rsquo;abrogation de l&rsquo;Etat d&rsquo;urgence, le retrait des projets de loi sur la s\u00e9curit\u00e9 globale et de loi \u00ab\u00a0contre le s\u00e9paratisme\u00a0\u00bb ainsi que l&rsquo;abandon des lois, ordonnances, d\u00e9crets liberticides dont ceux du 2 d\u00e9cembre 2020 de fichage g\u00e9n\u00e9ralis\u00e9 des militants.\n<\/p>\n<p style= \"text-align: justify;\">\n&#8211; le retrait du projet de fusion entre l&rsquo;h\u00f4pital de Riez et les EHPAD de Puimoisson et Valensole qui constitue une provocation inacceptable dans un contexte o\u00f9 il est demand\u00e9 des efforts immenses aux citoyens comme aux personnels hospitaliers,\n<\/p>\n<p style= \"text-align: justify;\">\n&#8211; la suppression du GHT 04 et de la fusion des H\u00f4pitaux de Banon, Forcalquier et Manosque,\n<\/p>\n<p style= \"text-align: justify;\">\n&#8211; la p\u00e9rennisation des 8 lits provisoires de R\u00e9animation dans l&rsquo;h\u00f4pital de Manosque et leur transformation en Service de R\u00e9animation Polyvalente.\n<\/p>\n<p style= \"text-align: justify;\">\nIl est temps de faire monter la pression !<br \/>\nOn compte sur vous !<br \/>\nOn l\u00e2che rien !<br \/>\nL&rsquo;USD CGT Sant\u00e9 et Action Sociale 04\n<\/p>\n<p style= \"text-align: justify;\">\n>> Ci-joint l&rsquo;appel unitaire appelant \u00e0 se mobiliser le 20 mars : <a href=\"http:\/\/www.cgt-hopital-manosque.fr\/wp-content\/uploads\/2021\/03\/1345.-Appel-unitaire-du-10-mars-20211.pdf\">CLIQUER ICI<\/a>\n<\/p>\n<p style= \"text-align: justify;\">\n>> Ci-joint le  courrier unitaire adress\u00e9 au Directeur G\u00e9n\u00e9ral de l&rsquo;ARS PACA suite au projet de fusion entre l&rsquo;h\u00f4pital de Riez et les EHPAD de Puimoisson et Valensole : <a href=\"http:\/\/www.cgt-hopital-manosque.fr\/wp-content\/uploads\/2021\/03\/1345.-Courrier-au-DG-de-lARS-PACA-du-10-mars-20211.pdf\">CLIQUER ICI<\/a>\n<\/p>\n<p><\/strong><\/p>\n<p style= \"text-align: justify;\">\n","protected":false},"excerpt":{"rendered":"<p>Bonjour, Nous tenons \u00e0 remercier tr\u00e8s fortement la vingtaine de participants de la r\u00e9union en visio du 4 mars (repr\u00e9sentant une quinzaine d&rsquo;organisations) pour leur pr\u00e9sence mais surtout pour leur participation active et pertinente ! Cela faisait tr\u00e8s longtemps que nous n&rsquo;avions pas vu autant d&rsquo;organisations pr\u00e9sentes dans une m\u00eame r\u00e9union dans le d\u00e9partement. C&rsquo;est [&hellip;]<\/p>\n","protected":false},"author":1,"featured_media":0,"comment_status":"closed","ping_status":"closed","sticky":false,"template":"","format":"standard","meta":{"footnotes":""},"categories":[7],"tags":[],"views":798,"_links":{"self":[{"href":"http:\/\/www.cgt-hopital-manosque.fr\/index.php?rest_route=\/wp\/v2\/posts\/8247"}],"collection":[{"href":"http:\/\/www.cgt-hopital-manosque.fr\/index.php?rest_route=\/wp\/v2\/posts"}],"about":[{"href":"http:\/\/www.cgt-hopital-manosque.fr\/index.php?rest_route=\/wp\/v2\/types\/post"}],"author":[{"embeddable":true,"href":"http:\/\/www.cgt-hopital-manosque.fr\/index.php?rest_route=\/wp\/v2\/users\/1"}],"replies":[{"embeddable":true,"href":"http:\/\/www.cgt-hopital-manosque.fr\/index.php?rest_route=%2Fwp%2Fv2%2Fcomments&post=8247"}],"version-history":[{"count":2,"href":"http:\/\/www.cgt-hopital-manosque.fr\/index.php?rest_route=\/wp\/v2\/posts\/8247\/revisions"}],"predecessor-version":[{"id":8253,"href":"http:\/\/www.cgt-hopital-manosque.fr\/index.php?rest_route=\/wp\/v2\/posts\/8247\/revisions\/8253"}],"wp:attachment":[{"href":"http:\/\/www.cgt-hopital-manosque.fr\/index.php?rest_route=%2Fwp%2Fv2%2Fmedia&parent=8247"}],"wp:term":[{"taxonomy":"category","embeddable":true,"href":"http:\/\/www.cgt-hopital-manosque.fr\/index.php?rest_route=%2Fwp%2Fv2%2Fcategories&post=8247"},{"taxonomy":"post_tag","embeddable":true,"href":"http:\/\/www.cgt-hopital-manosque.fr\/index.php?rest_route=%2Fwp%2Fv2%2Ftags&post=8247"}],"curies":[{"name":"wp","href":"https:\/\/api.w.org\/{rel}","templated":true}]}}