{"id":8254,"date":"2021-03-13T06:02:08","date_gmt":"2021-03-13T06:02:08","guid":{"rendered":"http:\/\/www.cgt-hopital-manosque.fr\/?p=8254"},"modified":"2021-03-13T06:18:53","modified_gmt":"2021-03-13T06:18:53","slug":"13-mars-2020-une-quinzaine-dorganisations-appellent-a-se-mobiliser-contre-le-projet-de-fusion-entre-lhopital-de-riez-et-les-ehpad-de-puimoisson-et-valensole","status":"publish","type":"post","link":"http:\/\/www.cgt-hopital-manosque.fr\/?p=8254","title":{"rendered":"13 mars 2020 &#8211; Une quinzaine d&rsquo;organisations appellent \u00e0 se mobiliser contre le projet de fusion entre l&rsquo;h\u00f4pital de Riez et les EHPAD de Puimoisson et Valensole"},"content":{"rendered":"<p><strong><\/p>\n<p style= \"text-align: justify;\">\nUne quinzaine d&rsquo;organisations(*) appellent \u00e0 se mobiliser contre le projet de fusion entre l&rsquo;h\u00f4pital de Riez et les EHPAD de Puimoisson et Valensole\n<\/p>\n<p style= \"text-align: justify;\">\nCe projet est inacceptable, surtout dans la p\u00e9riode actuelle, c&rsquo;est pourquoi, nous venons d&rsquo;adresser une lettre ouverte au Directeur G\u00e9n\u00e9ral de l&rsquo;ARS PACA pour exiger le retrait du projet de fusion et qu&rsquo;il arr\u00eate de d\u00e9manteler les h\u00f4pitaux et les EHPAD du d\u00e9partement (voir lettre ci-dessous).\n<\/p>\n<p style= \"text-align: justify;\">\nLes citoyens avec les professionnels hospitaliers ne se laisseront pas faire.  En effet, la lutte syndicale et citoyenne, men\u00e9e pendant 14 mois, de juillet 2019 \u00e0 septembre 2020, pour obtenir la r\u00e9ouverture des Urgences de nuit \u00e0 Sisteron, montre \u00e0 quel point la population des Alpes de Haute Provence est attach\u00e9e \u00e0 ses services publics et tout particuli\u00e8rement \u00e0 celui de la sant\u00e9.\n<\/p>\n<p style= \"text-align: justify;\">\nC&rsquo;est pourquoi, la \u00ab\u00a0marche pour les libert\u00e9s\u00a0\u00bb pr\u00e9vue le samedi 20 mars \u00e0 14h30 \u00e0 Forcalquier aura une teneur particuli\u00e8re puisque sera notamment mise en avant la libert\u00e9 de se soigner dans le 04 (voir l&rsquo;appel unitaire ci-dessous).\n<\/p>\n<p style= \"text-align: justify;\">\nNotre engagement restera total !\n<\/p>\n<p style= \"text-align: justify;\">\n (*) Organisations : UD CGT 04, CGT Sant\u00e9 et Action Sociale 04, FSU 04, Solidaires 04, France Insoumise 04, PCF 04, NPA 04, POI 04, PRCF 04, Gilets Jaunes 04, La Libre Pens\u00e9e 04, Comit\u00e9 de Reconqu\u00eate et de R\u00e9sistance 04, Collectif \u00ab\u00a0Contre la fusion des H\u00f4pitaux du 04 et en d\u00e9fense des services publics\u00a0\u00bb, Collectif \u00ab\u00a0Pour une R\u00e9a \u00e0 Manosque\u00a0\u00bb, ainsi que les signataires de la Coordination d\u00e9partementale Marche pour les Libert\u00e9s\n<\/p>\n<p style= \"text-align: justify;\">\nLettre ouverte au directeur g\u00e9n\u00e9ral de l&rsquo;ARS PACA :\n<\/p>\n<p><a href=\"http:\/\/www.cgt-hopital-manosque.fr\/wp-content\/uploads\/2021\/03\/1346.-Courrier-au-DG-de-lARS-PACA-du-10-mars-2021_page-0001.jpg\"><img loading=\"lazy\" decoding=\"async\" src=\"http:\/\/www.cgt-hopital-manosque.fr\/wp-content\/uploads\/2021\/03\/1346.-Courrier-au-DG-de-lARS-PACA-du-10-mars-2021_page-0001.jpg\" alt=\"1346. Courrier au DG de l&#039;ARS PACA du 10 mars 2021_page-0001\" width=\"1241\" height=\"1755\" class=\"aligncenter size-full wp-image-8255\" srcset=\"http:\/\/www.cgt-hopital-manosque.fr\/wp-content\/uploads\/2021\/03\/1346.-Courrier-au-DG-de-lARS-PACA-du-10-mars-2021_page-0001.jpg 1241w, http:\/\/www.cgt-hopital-manosque.fr\/wp-content\/uploads\/2021\/03\/1346.-Courrier-au-DG-de-lARS-PACA-du-10-mars-2021_page-0001-212x300.jpg 212w, http:\/\/www.cgt-hopital-manosque.fr\/wp-content\/uploads\/2021\/03\/1346.-Courrier-au-DG-de-lARS-PACA-du-10-mars-2021_page-0001-724x1024.jpg 724w\" sizes=\"(max-width: 1241px) 100vw, 1241px\" \/><\/a><\/p>\n<p><a href=\"http:\/\/www.cgt-hopital-manosque.fr\/wp-content\/uploads\/2021\/03\/1346.-Courrier-au-DG-de-lARS-PACA-du-10-mars-2021_page-0002.jpg\"><img loading=\"lazy\" decoding=\"async\" src=\"http:\/\/www.cgt-hopital-manosque.fr\/wp-content\/uploads\/2021\/03\/1346.-Courrier-au-DG-de-lARS-PACA-du-10-mars-2021_page-0002.jpg\" alt=\"1346. Courrier au DG de l&#039;ARS PACA du 10 mars 2021_page-0002\" width=\"1241\" height=\"1755\" class=\"aligncenter size-full wp-image-8256\" srcset=\"http:\/\/www.cgt-hopital-manosque.fr\/wp-content\/uploads\/2021\/03\/1346.-Courrier-au-DG-de-lARS-PACA-du-10-mars-2021_page-0002.jpg 1241w, http:\/\/www.cgt-hopital-manosque.fr\/wp-content\/uploads\/2021\/03\/1346.-Courrier-au-DG-de-lARS-PACA-du-10-mars-2021_page-0002-212x300.jpg 212w, http:\/\/www.cgt-hopital-manosque.fr\/wp-content\/uploads\/2021\/03\/1346.-Courrier-au-DG-de-lARS-PACA-du-10-mars-2021_page-0002-724x1024.jpg 724w\" sizes=\"(max-width: 1241px) 100vw, 1241px\" \/><\/a><\/p>\n<p style= \"text-align: justify;\">\nAppel unitaire pour se mobiliser le 20 mars \u00e0 Forcalquier :\n<\/p>\n<p><\/strong><\/p>\n<p><a href=\"http:\/\/www.cgt-hopital-manosque.fr\/wp-content\/uploads\/2021\/03\/1346.-Appel-unitaire-du-10-mars-2021_page-0001.jpg\"><img loading=\"lazy\" decoding=\"async\" src=\"http:\/\/www.cgt-hopital-manosque.fr\/wp-content\/uploads\/2021\/03\/1346.-Appel-unitaire-du-10-mars-2021_page-0001.jpg\" alt=\"1346. Appel unitaire du 10 mars 2021_page-0001\" width=\"1241\" height=\"1755\" class=\"aligncenter size-full wp-image-8260\" srcset=\"http:\/\/www.cgt-hopital-manosque.fr\/wp-content\/uploads\/2021\/03\/1346.-Appel-unitaire-du-10-mars-2021_page-0001.jpg 1241w, http:\/\/www.cgt-hopital-manosque.fr\/wp-content\/uploads\/2021\/03\/1346.-Appel-unitaire-du-10-mars-2021_page-0001-212x300.jpg 212w, http:\/\/www.cgt-hopital-manosque.fr\/wp-content\/uploads\/2021\/03\/1346.-Appel-unitaire-du-10-mars-2021_page-0001-724x1024.jpg 724w\" sizes=\"(max-width: 1241px) 100vw, 1241px\" \/><\/a><\/p>\n<p><a href=\"http:\/\/www.cgt-hopital-manosque.fr\/wp-content\/uploads\/2021\/03\/1346.-Appel-unitaire-du-10-mars-2021_page-0002.jpg\"><img loading=\"lazy\" decoding=\"async\" src=\"http:\/\/www.cgt-hopital-manosque.fr\/wp-content\/uploads\/2021\/03\/1346.-Appel-unitaire-du-10-mars-2021_page-0002.jpg\" alt=\"1346. Appel unitaire du 10 mars 2021_page-0002\" width=\"1241\" height=\"1755\" class=\"aligncenter size-full wp-image-8258\" srcset=\"http:\/\/www.cgt-hopital-manosque.fr\/wp-content\/uploads\/2021\/03\/1346.-Appel-unitaire-du-10-mars-2021_page-0002.jpg 1241w, http:\/\/www.cgt-hopital-manosque.fr\/wp-content\/uploads\/2021\/03\/1346.-Appel-unitaire-du-10-mars-2021_page-0002-212x300.jpg 212w, http:\/\/www.cgt-hopital-manosque.fr\/wp-content\/uploads\/2021\/03\/1346.-Appel-unitaire-du-10-mars-2021_page-0002-724x1024.jpg 724w\" sizes=\"(max-width: 1241px) 100vw, 1241px\" \/><\/a><\/p>\n<p style= \"text-align: justify;\">\n","protected":false},"excerpt":{"rendered":"<p>Une quinzaine d&rsquo;organisations(*) appellent \u00e0 se mobiliser contre le projet de fusion entre l&rsquo;h\u00f4pital de Riez et les EHPAD de Puimoisson et Valensole Ce projet est inacceptable, surtout dans la p\u00e9riode actuelle, c&rsquo;est pourquoi, nous venons d&rsquo;adresser une lettre ouverte au Directeur G\u00e9n\u00e9ral de l&rsquo;ARS PACA pour exiger le retrait du projet de fusion et [&hellip;]<\/p>\n","protected":false},"author":1,"featured_media":0,"comment_status":"closed","ping_status":"closed","sticky":false,"template":"","format":"standard","meta":{"footnotes":""},"categories":[7],"tags":[],"views":817,"_links":{"self":[{"href":"http:\/\/www.cgt-hopital-manosque.fr\/index.php?rest_route=\/wp\/v2\/posts\/8254"}],"collection":[{"href":"http:\/\/www.cgt-hopital-manosque.fr\/index.php?rest_route=\/wp\/v2\/posts"}],"about":[{"href":"http:\/\/www.cgt-hopital-manosque.fr\/index.php?rest_route=\/wp\/v2\/types\/post"}],"author":[{"embeddable":true,"href":"http:\/\/www.cgt-hopital-manosque.fr\/index.php?rest_route=\/wp\/v2\/users\/1"}],"replies":[{"embeddable":true,"href":"http:\/\/www.cgt-hopital-manosque.fr\/index.php?rest_route=%2Fwp%2Fv2%2Fcomments&post=8254"}],"version-history":[{"count":2,"href":"http:\/\/www.cgt-hopital-manosque.fr\/index.php?rest_route=\/wp\/v2\/posts\/8254\/revisions"}],"predecessor-version":[{"id":8261,"href":"http:\/\/www.cgt-hopital-manosque.fr\/index.php?rest_route=\/wp\/v2\/posts\/8254\/revisions\/8261"}],"wp:attachment":[{"href":"http:\/\/www.cgt-hopital-manosque.fr\/index.php?rest_route=%2Fwp%2Fv2%2Fmedia&parent=8254"}],"wp:term":[{"taxonomy":"category","embeddable":true,"href":"http:\/\/www.cgt-hopital-manosque.fr\/index.php?rest_route=%2Fwp%2Fv2%2Fcategories&post=8254"},{"taxonomy":"post_tag","embeddable":true,"href":"http:\/\/www.cgt-hopital-manosque.fr\/index.php?rest_route=%2Fwp%2Fv2%2Ftags&post=8254"}],"curies":[{"name":"wp","href":"https:\/\/api.w.org\/{rel}","templated":true}]}}