{"id":8262,"date":"2021-03-18T16:16:00","date_gmt":"2021-03-18T16:16:00","guid":{"rendered":"http:\/\/www.cgt-hopital-manosque.fr\/?p=8262"},"modified":"2021-03-18T16:41:52","modified_gmt":"2021-03-18T16:41:52","slug":"18-mars-2021-rappel-rassemblement-du-20-mars-a-forcalquier","status":"publish","type":"post","link":"http:\/\/www.cgt-hopital-manosque.fr\/?p=8262","title":{"rendered":"18 mars 2021 &#8211; Rappel &#8211; Rassemblement du 20 mars \u00e0 Forcalquier"},"content":{"rendered":"<p><strong><\/p>\n<p style= \"text-align: justify;\">\nBonjour,<br \/>\nLa CGT appelle \u00e0 participer \u00e0 la marche des libert\u00e9s, comme de tr\u00e8s nombreuses autres organisations, le samedi 20 mars \u00e0 14h30 \u00e0 Forcalquier, \u00e0 la place de la Mairie,<br \/>\nen mettant particuli\u00e8rement en lien la question des libert\u00e9s et celle de la sant\u00e9. Car depuis un an, le gouvernement et ses relais sur le terrain restreignent toujours plus les libert\u00e9s au pr\u00e9texte que nous n&rsquo;avons pas assez de lits dans les h\u00f4pitaux et notamment des lits de r\u00e9animation.<br \/>\nEt pourtant, et c&rsquo;est l\u00e0 la grande escroquerie, environ 3000 lits hospitaliers ont \u00e9t\u00e9 supprim\u00e9s depuis le d\u00e9but de l&rsquo;\u00e9pid\u00e9mie. Et concernant les lits de r\u00e9animation, il y en avait 5700 en d\u00e9cembre 2019, au niveau national, et l\u00e0 nous serions \u00e0 5000 selon les diff\u00e9rents chiffres que nous avons.\n<\/p>\n<p style= \"text-align: justify;\">\nL&rsquo;article 2 de la D\u00e9claration des Droits de l&rsquo;Homme et du Citoyen de 1789 pr\u00e9cise que le but du politique c&rsquo;est de garantir la libert\u00e9 et la s\u00e9curit\u00e9, ce n&rsquo;est pas l&rsquo;un au d\u00e9triment de l&rsquo;autre. Et d&rsquo;ailleurs en ce moment, c&rsquo;est plut\u00f4t : ni l&rsquo;un, ni l&rsquo;autre.\n<\/p>\n<p style= \"text-align: justify;\">\nRestreindre continuellement les droits, les libert\u00e9s :<br \/>\n&#8211; C&rsquo;est le signe d&rsquo;un Etat faible, qui ne remplit plus son r\u00f4le.\n<\/p>\n<p style= \"text-align: justify;\">\nR\u00e9duire continuellement les lits hospitaliers en emp\u00eachant les citoyens de pouvoir se soigner :<br \/>\n&#8211; C&rsquo;est \u00e9galement le signe d&rsquo;un Etat faible, qui ne remplit plus son r\u00f4le.\n<\/p>\n<p style= \"text-align: justify;\">\nEt dans le d\u00e9partement des Alpes de Haute Provence, nous avons la m\u00eame probl\u00e9matique puisque les projets de restructuration ou de fusion fleurissent les uns apr\u00e8s les autres.<br \/>\nC&rsquo;est encore le cas ces derniers jours avec un projet de fusion \/ absorption entre l&rsquo;h\u00f4pital de Riez et les EHPAD de Puimoisson et Valensole.<br \/>\nNous avons eu longuement au t\u00e9l\u00e9phone l&rsquo;ARS. Ils nous ont dit \u00ab\u00a0ce n&rsquo;est pas un projet, c&rsquo;est une r\u00e9flexion\u00a0\u00bb.<br \/>\nNous leur avons r\u00e9pondu : \u00ab\u00a0pour une discussion, \u00e7a a l&rsquo;air tr\u00e8s avanc\u00e9 puisqu&rsquo;on a des retours d&rsquo;une dizaine de personnes (soit qui travaillent dans ces \u00e9tablissements soit du monde politique local) qui sont tr\u00e8s pr\u00e9cis sur les modalit\u00e9s et sur le calendrier envisag\u00e9 et qui vont tous dans le m\u00eame sens. En tous cas, que ce soit un projet, une r\u00e9flexion ou une discussion, on n&rsquo;en veut pas ! Et on se mobilisera avec d\u00e9termination pour ne pas qu&rsquo;elle se r\u00e9alise !\u00a0\u00bb\n<\/p>\n<p style= \"text-align: justify;\">\nC&rsquo;est pourquoi, il y a urgence \u00e0 relativiser cette p\u00e9riode de crise sanitaire en prenant du recul et en sortant de l&rsquo;\u00e9motion dans laquelle on essaie de nous enfermer. Montaigne disait : \u00ab\u00a0Ce dont il faut avoir le plus peur, c&rsquo;est la peur\u00a0\u00bb elle-m\u00eame.\n<\/p>\n<p style= \"text-align: justify;\">\nIl y a urgence \u00e0 d\u00e9fendre et reconqu\u00e9rir nos libert\u00e9s. Il est important de rappeler que \u00ab\u00a0Sans la libert\u00e9, il n&rsquo;y a pas de soci\u00e9t\u00e9 politique, seulement des individus isol\u00e9s auxquels l&rsquo;Etat a cess\u00e9 d&rsquo;appartenir !\u00a0\u00bb.\n<\/p>\n<p style= \"text-align: justify;\">\nEt il y a urgence \u00e0 d\u00e9fendre et reconqu\u00e9rir nos services publics, nos biens communs et particuli\u00e8rement en mati\u00e8re de sant\u00e9. Il faut renforcer les h\u00f4pitaux et les EHPAD du d\u00e9partement et permettre enfin \u00e0 chaque citoyen du d\u00e9partement de pouvoir se soigner selon ses besoins !\n<\/p>\n<p style= \"text-align: justify;\">\nSoyons nombreuses et nombreux samedi 20 mars \u00e0 14h30 \u00e0 Forcalquier \u00e0 la place de la Mairie !\n<\/p>\n<p><\/strong><\/p>\n<p style= \"text-align: justify;\">\n<p><a href=\"http:\/\/www.cgt-hopital-manosque.fr\/wp-content\/uploads\/2021\/03\/1347.-Tract-UD-CGT-04-marche-des-libert\u00e9s.jpg\"><img loading=\"lazy\" decoding=\"async\" src=\"http:\/\/www.cgt-hopital-manosque.fr\/wp-content\/uploads\/2021\/03\/1347.-Tract-UD-CGT-04-marche-des-libert\u00e9s.jpg\" alt=\"1347. Tract UD CGT 04 marche des libert\u00e9s\" width=\"1241\" height=\"1754\" class=\"aligncenter size-full wp-image-8263\" srcset=\"http:\/\/www.cgt-hopital-manosque.fr\/wp-content\/uploads\/2021\/03\/1347.-Tract-UD-CGT-04-marche-des-libert\u00e9s.jpg 1241w, http:\/\/www.cgt-hopital-manosque.fr\/wp-content\/uploads\/2021\/03\/1347.-Tract-UD-CGT-04-marche-des-libert\u00e9s-212x300.jpg 212w, http:\/\/www.cgt-hopital-manosque.fr\/wp-content\/uploads\/2021\/03\/1347.-Tract-UD-CGT-04-marche-des-libert\u00e9s-725x1024.jpg 725w\" sizes=\"(max-width: 1241px) 100vw, 1241px\" \/><\/a><\/p>\n","protected":false},"excerpt":{"rendered":"<p>Bonjour, La CGT appelle \u00e0 participer \u00e0 la marche des libert\u00e9s, comme de tr\u00e8s nombreuses autres organisations, le samedi 20 mars \u00e0 14h30 \u00e0 Forcalquier, \u00e0 la place de la Mairie, en mettant particuli\u00e8rement en lien la question des libert\u00e9s et celle de la sant\u00e9. Car depuis un an, le gouvernement et ses relais sur [&hellip;]<\/p>\n","protected":false},"author":1,"featured_media":0,"comment_status":"closed","ping_status":"closed","sticky":false,"template":"","format":"standard","meta":{"footnotes":""},"categories":[7],"tags":[],"views":761,"_links":{"self":[{"href":"http:\/\/www.cgt-hopital-manosque.fr\/index.php?rest_route=\/wp\/v2\/posts\/8262"}],"collection":[{"href":"http:\/\/www.cgt-hopital-manosque.fr\/index.php?rest_route=\/wp\/v2\/posts"}],"about":[{"href":"http:\/\/www.cgt-hopital-manosque.fr\/index.php?rest_route=\/wp\/v2\/types\/post"}],"author":[{"embeddable":true,"href":"http:\/\/www.cgt-hopital-manosque.fr\/index.php?rest_route=\/wp\/v2\/users\/1"}],"replies":[{"embeddable":true,"href":"http:\/\/www.cgt-hopital-manosque.fr\/index.php?rest_route=%2Fwp%2Fv2%2Fcomments&post=8262"}],"version-history":[{"count":5,"href":"http:\/\/www.cgt-hopital-manosque.fr\/index.php?rest_route=\/wp\/v2\/posts\/8262\/revisions"}],"predecessor-version":[{"id":8268,"href":"http:\/\/www.cgt-hopital-manosque.fr\/index.php?rest_route=\/wp\/v2\/posts\/8262\/revisions\/8268"}],"wp:attachment":[{"href":"http:\/\/www.cgt-hopital-manosque.fr\/index.php?rest_route=%2Fwp%2Fv2%2Fmedia&parent=8262"}],"wp:term":[{"taxonomy":"category","embeddable":true,"href":"http:\/\/www.cgt-hopital-manosque.fr\/index.php?rest_route=%2Fwp%2Fv2%2Fcategories&post=8262"},{"taxonomy":"post_tag","embeddable":true,"href":"http:\/\/www.cgt-hopital-manosque.fr\/index.php?rest_route=%2Fwp%2Fv2%2Ftags&post=8262"}],"curies":[{"name":"wp","href":"https:\/\/api.w.org\/{rel}","templated":true}]}}