{"id":8270,"date":"2021-03-25T20:40:28","date_gmt":"2021-03-25T20:40:28","guid":{"rendered":"http:\/\/www.cgt-hopital-manosque.fr\/?p=8270"},"modified":"2021-03-25T20:44:20","modified_gmt":"2021-03-25T20:44:20","slug":"25-mars-2021-il-faut-augmenter-le-nombre-de-lits-de-reanimation-selon-la-cour-des-comptes","status":"publish","type":"post","link":"http:\/\/www.cgt-hopital-manosque.fr\/?p=8270","title":{"rendered":"25 mars 2021 &#8211; Il faut augmenter le nombre de lits de r\u00e9animation, selon la Cour des Comptes"},"content":{"rendered":"<p><a href=\"http:\/\/www.cgt-hopital-manosque.fr\/wp-content\/uploads\/2021\/03\/1348.-Il-faut-augmenter-le-nombre-de-lits-de-r\u00e9animation.png\"><img loading=\"lazy\" decoding=\"async\" src=\"http:\/\/www.cgt-hopital-manosque.fr\/wp-content\/uploads\/2021\/03\/1348.-Il-faut-augmenter-le-nombre-de-lits-de-r\u00e9animation.png\" alt=\"1348. Il faut augmenter le nombre de lits de r\u00e9animation\" width=\"774\" height=\"528\" class=\"aligncenter size-full wp-image-8271\" srcset=\"http:\/\/www.cgt-hopital-manosque.fr\/wp-content\/uploads\/2021\/03\/1348.-Il-faut-augmenter-le-nombre-de-lits-de-r\u00e9animation.png 774w, http:\/\/www.cgt-hopital-manosque.fr\/wp-content\/uploads\/2021\/03\/1348.-Il-faut-augmenter-le-nombre-de-lits-de-r\u00e9animation-300x205.png 300w\" sizes=\"(max-width: 774px) 100vw, 774px\" \/><\/a><\/p>\n<p><strong><\/p>\n<p style= \"text-align: justify;\">\nUn rapport de la Cour des Comptes vient de sortir pour alerter sur le manque de lits de r\u00e9animation. Cette alerte est une vraie nouveaut\u00e9 car d&rsquo;habitude leurs rapports recommandent de fermer des lits, ou de fermer des CHU, pour faire des \u00e9conomies.<br \/>\nMais cette logique montre tellement ses limites qu&rsquo;ils commencent peut \u00eatre \u00e0 s&rsquo;en inqui\u00e9ter.\n<\/p>\n<p style= \"text-align: justify;\">\nEn ce moment, il y a un projet de fermeture d&rsquo;un service de r\u00e9animation de 8 lits \u00e0 Nice, et dans le m\u00eame temps, les soignants du CHU de Nice envoient des patients \u00e0 Brest et \u00e0 Toulouse.\n<\/p>\n<p style= \"text-align: justify;\">\nPlusieurs centaines de lits de r\u00e9animation perdus en une ann\u00e9e, au regard des informations r\u00e9colt\u00e9es dans de tr\u00e8s nombreux \u00e9tablissements et d\u00e9partements.\n<\/p>\n<p style= \"text-align: justify;\">\nDes appels d&rsquo;hospitaliers, de m\u00e9decins circulent depuis quelques jours pour d\u00e9noncer les fermetures de lits.\n<\/p>\n<p style= \"text-align: justify;\">\nMalgr\u00e9 la p\u00e9riode tr\u00e8s difficile, et les efforts demand\u00e9s aux hospitaliers, comme aux citoyens, ils sont en train d&rsquo;acc\u00e9l\u00e9rer les projets. Ils essaient d&rsquo;en faire passer tant qu&rsquo;ils peuvent en urgence car il y a un effet cocote minute qui se dessine.\n<\/p>\n<p style= \"text-align: justify;\">\nLa question des lits ferm\u00e9s est centrale dans la p\u00e9riode actuelle.\n<\/p>\n<p style= \"text-align: justify;\">\nIl faudrait que la f\u00e9d\u00e9ration CGT Sant\u00e9 r\u00e9alise une enqu\u00eate nationale pour affiner ces chiffres car face \u00e0 leur parole creuse et leur slogan, il est n\u00e9cessaire de rester uniquement sur le factuel.\n<\/p>\n<p style= \"text-align: justify;\">\nDe plus, il faut \u00e9galement bien faire le lien avec la politique de restrictions des libert\u00e9s qui se base sur les indicateurs d&rsquo;occupation des lits. Donc la question des libert\u00e9s est \u00e9troitement li\u00e9e \u00e0 celle de la sant\u00e9.\n<\/p>\n<p style= \"text-align: justify;\">\nEnsuite, on voit de plus en plus de personnels qui d\u00e9missionnent, \u00e0 tel point qu&rsquo;on se demande si ce n&rsquo;est pas voulu, car derri\u00e8re, cela peut justifier des fermetures de lits.\n<\/p>\n<p style= \"text-align: justify;\">\nPour voir l&rsquo;article du journal \u00ab\u00a0Le Progr\u00e8s\u00a0\u00bb sur les lits de r\u00e9animations : <a href=\"https:\/\/www.leprogres.fr\/sante\/2021\/03\/18\/il-faut-augmenter-le-nombre-de-lits-de-reanimation-selon-la-cour-des-comptes\"target=\"_blank\">CLIQUER ICI<\/a><\/p>\n<p><\/strong><\/p>\n<p style= \"text-align: justify;\">\n","protected":false},"excerpt":{"rendered":"<p>Un rapport de la Cour des Comptes vient de sortir pour alerter sur le manque de lits de r\u00e9animation. Cette alerte est une vraie nouveaut\u00e9 car d&rsquo;habitude leurs rapports recommandent de fermer des lits, ou de fermer des CHU, pour faire des \u00e9conomies. Mais cette logique montre tellement ses limites qu&rsquo;ils commencent peut \u00eatre \u00e0 [&hellip;]<\/p>\n","protected":false},"author":1,"featured_media":0,"comment_status":"closed","ping_status":"closed","sticky":false,"template":"","format":"standard","meta":{"footnotes":""},"categories":[8],"tags":[],"views":795,"_links":{"self":[{"href":"http:\/\/www.cgt-hopital-manosque.fr\/index.php?rest_route=\/wp\/v2\/posts\/8270"}],"collection":[{"href":"http:\/\/www.cgt-hopital-manosque.fr\/index.php?rest_route=\/wp\/v2\/posts"}],"about":[{"href":"http:\/\/www.cgt-hopital-manosque.fr\/index.php?rest_route=\/wp\/v2\/types\/post"}],"author":[{"embeddable":true,"href":"http:\/\/www.cgt-hopital-manosque.fr\/index.php?rest_route=\/wp\/v2\/users\/1"}],"replies":[{"embeddable":true,"href":"http:\/\/www.cgt-hopital-manosque.fr\/index.php?rest_route=%2Fwp%2Fv2%2Fcomments&post=8270"}],"version-history":[{"count":9,"href":"http:\/\/www.cgt-hopital-manosque.fr\/index.php?rest_route=\/wp\/v2\/posts\/8270\/revisions"}],"predecessor-version":[{"id":8280,"href":"http:\/\/www.cgt-hopital-manosque.fr\/index.php?rest_route=\/wp\/v2\/posts\/8270\/revisions\/8280"}],"wp:attachment":[{"href":"http:\/\/www.cgt-hopital-manosque.fr\/index.php?rest_route=%2Fwp%2Fv2%2Fmedia&parent=8270"}],"wp:term":[{"taxonomy":"category","embeddable":true,"href":"http:\/\/www.cgt-hopital-manosque.fr\/index.php?rest_route=%2Fwp%2Fv2%2Fcategories&post=8270"},{"taxonomy":"post_tag","embeddable":true,"href":"http:\/\/www.cgt-hopital-manosque.fr\/index.php?rest_route=%2Fwp%2Fv2%2Ftags&post=8270"}],"curies":[{"name":"wp","href":"https:\/\/api.w.org\/{rel}","templated":true}]}}