{"id":8287,"date":"2021-03-31T18:43:41","date_gmt":"2021-03-31T18:43:41","guid":{"rendered":"http:\/\/www.cgt-hopital-manosque.fr\/?p=8287"},"modified":"2021-03-31T18:43:41","modified_gmt":"2021-03-31T18:43:41","slug":"31-mars-2021-non-au-projet-de-fusionabsorption-entre-les-hopitaux-de-riez-puimoisson-et-valensole","status":"publish","type":"post","link":"http:\/\/www.cgt-hopital-manosque.fr\/?p=8287","title":{"rendered":"31 mars 2021 &#8211; Non au projet de fusion\/Absorption entre les h\u00f4pitaux de Riez, Puimoisson et Valensole"},"content":{"rendered":"<p><strong><\/p>\n<p style= \"text-align: justify;\">\nBonjour,<br \/>\nDans la p\u00e9riode actuelle de pand\u00e9mie, nous devons porter une attention particuli\u00e8re aux maltraitances subies par notre syst\u00e8me de sant\u00e9 et \u00e0 notre maillage de structures locales.<br \/>\nAujourd\u2019hui, loin d\u2019\u00eatre remises en cause, les maltraitances sont renforc\u00e9es \u00e0 grands coups de fermetures de lits, suppressions de postes, restructurations ou encore projets de fusions \/ absorptions.<br \/>\nC\u2019est ce que prennent de plein fouet les \u00e9tablissements et les personnels de la sant\u00e9 et de l\u2019action sociale du d\u00e9partement.\n<\/p>\n<p style= \"text-align: justify;\">\nLe projet de fusion entre les h\u00f4pitaux de Riez, Puimoisson et Valensole est d\u2019une extr\u00eame gravit\u00e9, et chacun (personnels, \u00e9lus locaux, citoyens) doit en saisir toute l\u2019importance et se mobiliser !\n<\/p>\n<p style= \"text-align: justify;\">\nNous ne les laisserons pas faire !<br \/>\nLeur intransigeance va se heurter \u00e0 notre d\u00e9termination sans faille !<br \/>\nUn grand basculement est n\u00e9cessaire !<br \/>\nLa solidarit\u00e9 doit prendre le pas sur la pr\u00e9carit\u00e9 sanitaire !<br \/>\nLa coop\u00e9ration doit prendre le pas sur la concurrence !<br \/>\nLa d\u00e9mocratie locale doit prendre le pas sur une centralisation des pouvoirs !<br \/>\nLa r\u00e9ponse aux besoins des populations doit prendre le pas sur un monde du chacun pour soi !\n<\/p>\n<p style= \"text-align: justify;\">\nC\u2019est pourquoi,<br \/>\nSoyons nombreuses et nombreux le mercredi 7 avril \u00e0 11h00 devant l\u2019h\u00f4pital de Riez (pour la journ\u00e9e mondiale de la sant\u00e9) pour exiger le retrait du projet de fusion des h\u00f4pitaux de Riez, Puimoisson et Valensole et obtenir un renforcement des moyens pour notre d\u00e9partement !<br \/>\nNous organiserons dans la foul\u00e9e une caravane revendicative sur les sites de Puimoisson et de Valensole !\n<\/p>\n<p style= \"text-align: justify;\">\nMerci !<br \/>\nOn l\u00e2chera rien !\n<\/p>\n<p style= \"text-align: justify;\">\n>> Ci-joint le tract recto \/ verso appelant \u00e0 se mobiliser le 7 avril 2021 : <a href=\"http:\/\/www.cgt-hopital-manosque.fr\/wp-content\/uploads\/2021\/03\/Tract-pour-le-7-avril-2021.pdf\">CLIQUER ICI<\/a>\n<\/p>\n<p><\/strong><br \/>\n<a href=\"http:\/\/www.cgt-hopital-manosque.fr\/wp-content\/uploads\/2021\/03\/Tract-pour-le-7-avril-2021-recto.jpg\"><img loading=\"lazy\" decoding=\"async\" src=\"http:\/\/www.cgt-hopital-manosque.fr\/wp-content\/uploads\/2021\/03\/Tract-pour-le-7-avril-2021-recto.jpg\" alt=\"Tract pour le 7 avril 2021 (recto)\" width=\"1240\" height=\"1754\" class=\"aligncenter size-full wp-image-8289\" srcset=\"http:\/\/www.cgt-hopital-manosque.fr\/wp-content\/uploads\/2021\/03\/Tract-pour-le-7-avril-2021-recto.jpg 1240w, http:\/\/www.cgt-hopital-manosque.fr\/wp-content\/uploads\/2021\/03\/Tract-pour-le-7-avril-2021-recto-212x300.jpg 212w, http:\/\/www.cgt-hopital-manosque.fr\/wp-content\/uploads\/2021\/03\/Tract-pour-le-7-avril-2021-recto-724x1024.jpg 724w\" sizes=\"(max-width: 1240px) 100vw, 1240px\" \/><\/a><\/p>\n<p><a href=\"http:\/\/www.cgt-hopital-manosque.fr\/wp-content\/uploads\/2021\/03\/Tract-pour-le-7-avril-2021-verso.jpg\"><img loading=\"lazy\" decoding=\"async\" src=\"http:\/\/www.cgt-hopital-manosque.fr\/wp-content\/uploads\/2021\/03\/Tract-pour-le-7-avril-2021-verso.jpg\" alt=\"Tract pour le 7 avril 2021 (verso)\" width=\"1240\" height=\"1754\" class=\"aligncenter size-full wp-image-8290\" srcset=\"http:\/\/www.cgt-hopital-manosque.fr\/wp-content\/uploads\/2021\/03\/Tract-pour-le-7-avril-2021-verso.jpg 1240w, http:\/\/www.cgt-hopital-manosque.fr\/wp-content\/uploads\/2021\/03\/Tract-pour-le-7-avril-2021-verso-212x300.jpg 212w, http:\/\/www.cgt-hopital-manosque.fr\/wp-content\/uploads\/2021\/03\/Tract-pour-le-7-avril-2021-verso-724x1024.jpg 724w\" sizes=\"(max-width: 1240px) 100vw, 1240px\" \/><\/a><\/p>\n<p style= \"text-align: justify;\">\n","protected":false},"excerpt":{"rendered":"<p>Bonjour, Dans la p\u00e9riode actuelle de pand\u00e9mie, nous devons porter une attention particuli\u00e8re aux maltraitances subies par notre syst\u00e8me de sant\u00e9 et \u00e0 notre maillage de structures locales. Aujourd\u2019hui, loin d\u2019\u00eatre remises en cause, les maltraitances sont renforc\u00e9es \u00e0 grands coups de fermetures de lits, suppressions de postes, restructurations ou encore projets de fusions \/ [&hellip;]<\/p>\n","protected":false},"author":1,"featured_media":0,"comment_status":"closed","ping_status":"closed","sticky":false,"template":"","format":"standard","meta":{"footnotes":""},"categories":[7],"tags":[],"views":795,"_links":{"self":[{"href":"http:\/\/www.cgt-hopital-manosque.fr\/index.php?rest_route=\/wp\/v2\/posts\/8287"}],"collection":[{"href":"http:\/\/www.cgt-hopital-manosque.fr\/index.php?rest_route=\/wp\/v2\/posts"}],"about":[{"href":"http:\/\/www.cgt-hopital-manosque.fr\/index.php?rest_route=\/wp\/v2\/types\/post"}],"author":[{"embeddable":true,"href":"http:\/\/www.cgt-hopital-manosque.fr\/index.php?rest_route=\/wp\/v2\/users\/1"}],"replies":[{"embeddable":true,"href":"http:\/\/www.cgt-hopital-manosque.fr\/index.php?rest_route=%2Fwp%2Fv2%2Fcomments&post=8287"}],"version-history":[{"count":1,"href":"http:\/\/www.cgt-hopital-manosque.fr\/index.php?rest_route=\/wp\/v2\/posts\/8287\/revisions"}],"predecessor-version":[{"id":8291,"href":"http:\/\/www.cgt-hopital-manosque.fr\/index.php?rest_route=\/wp\/v2\/posts\/8287\/revisions\/8291"}],"wp:attachment":[{"href":"http:\/\/www.cgt-hopital-manosque.fr\/index.php?rest_route=%2Fwp%2Fv2%2Fmedia&parent=8287"}],"wp:term":[{"taxonomy":"category","embeddable":true,"href":"http:\/\/www.cgt-hopital-manosque.fr\/index.php?rest_route=%2Fwp%2Fv2%2Fcategories&post=8287"},{"taxonomy":"post_tag","embeddable":true,"href":"http:\/\/www.cgt-hopital-manosque.fr\/index.php?rest_route=%2Fwp%2Fv2%2Ftags&post=8287"}],"curies":[{"name":"wp","href":"https:\/\/api.w.org\/{rel}","templated":true}]}}