{"id":8297,"date":"2021-04-04T06:58:46","date_gmt":"2021-04-04T06:58:46","guid":{"rendered":"http:\/\/www.cgt-hopital-manosque.fr\/?p=8297"},"modified":"2021-04-04T06:58:46","modified_gmt":"2021-04-04T06:58:46","slug":"4-avril-2021-bien-entendu-que-le-rassemblement-du-7-avril-a-riez-est-maintenu-et-il-est-meme-renforce","status":"publish","type":"post","link":"http:\/\/www.cgt-hopital-manosque.fr\/?p=8297","title":{"rendered":"4 avril 2021 &#8211; Bien entendu que le rassemblement du 7 avril \u00e0 Riez est maintenu&#8230; Et il est m\u00eame renforc\u00e9 !"},"content":{"rendered":"<p><a href=\"http:\/\/www.cgt-hopital-manosque.fr\/wp-content\/uploads\/2021\/04\/1352.-Les-batailles-de-la-vie-ne-sont-pas-gagn\u00e9es-par-les-plus-forts.jpg\"><img loading=\"lazy\" decoding=\"async\" src=\"http:\/\/www.cgt-hopital-manosque.fr\/wp-content\/uploads\/2021\/04\/1352.-Les-batailles-de-la-vie-ne-sont-pas-gagn\u00e9es-par-les-plus-forts.jpg\" alt=\"Les batailles de la vie ne sont pas gagn\u00e9es par les plus forts\" width=\"940\" height=\"788\" class=\"aligncenter size-full wp-image-8300\" srcset=\"http:\/\/www.cgt-hopital-manosque.fr\/wp-content\/uploads\/2021\/04\/1352.-Les-batailles-de-la-vie-ne-sont-pas-gagn\u00e9es-par-les-plus-forts.jpg 940w, http:\/\/www.cgt-hopital-manosque.fr\/wp-content\/uploads\/2021\/04\/1352.-Les-batailles-de-la-vie-ne-sont-pas-gagn\u00e9es-par-les-plus-forts-300x251.jpg 300w\" sizes=\"(max-width: 940px) 100vw, 940px\" \/><\/a><\/p>\n<p><strong><\/p>\n<p style= \"text-align: justify;\">\nBonjour,<br \/>\nHier, nous avons eu plusieurs appels de personnels des diff\u00e9rents sites de Riez, Puimoisson et Valensole.\n<\/p>\n<p style= \"text-align: justify;\">\nIl est dit aux agents : \u00ab N\u2019allez pas au rassemblement du 7 avril parce que c\u2019est interdit \u00bb.<br \/>\nNon ! Il n\u2019y a rien d\u2019interdit. Le rassemblement a \u00e9t\u00e9 d\u00e9clar\u00e9 en Pr\u00e9fecture. Si la Pr\u00e9fecture l\u2019interdit, on vous le dira, mais \u00e0 ce jour, ce n\u2019est absolument pas le cas.\n<\/p>\n<p style= \"text-align: justify;\">\nEnsuite, il est dit aux agents : \u00ab N\u2019allez pas au rassemblement, \u00e7a ne sert \u00e0 rien, le projet de fusion ne se fera pas \u00bb.<br \/>\nNon ! Nous n\u2019avons aucune certitude sur ce point. Dans le meilleur des cas, dire cela est une simple opinion, comme on peut le voir sur BFM TV, depuis 1 an, o\u00f9 chacun y va de son jugement. Dans le pire des cas, il s\u2019agit d\u2019une tromperie.\n<\/p>\n<p style= \"text-align: justify;\">\nIl nous faut nous baser uniquement sur le factuel !<br \/>\nA ce jour, nous avons 3 \u00e9l\u00e9ments \u00e0 prendre en compte :<br \/>\n1) La direction de l\u2019ARS 04 nous a dit au t\u00e9l\u00e9phone qu\u2019ils nous ont entendus et que ce projet ne se fera pas.<br \/>\n2) Nous avons un courrier de la direction g\u00e9n\u00e9rale de l\u2019ARS PACA tr\u00e8s ambigu nous expliquant qu\u2019\u00e0 ce stade, le projet ne b\u00e9n\u00e9ficie pas du soutien de l\u2019ARS. Cela peut \u00eatre interpr\u00e9t\u00e9 de diff\u00e9rentes mani\u00e8res. Cela veut-il dire que si le projet est un peu plus ficel\u00e9, il aura le soutien de l\u2019ARS ? Cela veut-il dire que dans 2 ou 3 mois, il pourrait avoir le soutien de l\u2019ARS ? Cette r\u00e9ponse est loin d\u2019\u00eatre satisfaisante !<br \/>\n3) La direction du GHT 04 qui continue d\u2019expliquer que la fusion se fera quand m\u00eame.<br \/>\nDonc, il y a 3 sons de cloches qui tentent de brouiller les pistes, et qui d\u00e9montrent clairement la n\u00e9cessit\u00e9 pour les personnels et les citoyens de se mobiliser !\n<\/p>\n<p style= \"text-align: justify;\">\nC\u2019est pourquoi, ce rassemblement est maintenu !<br \/>\nIl est m\u00eame renforc\u00e9 puisque l\u2019UD CGT 04, a sorti un communiqu\u00e9 hier pour appeler \u00e0 se rassembler \u00e0 Riez (voir document ci-dessous).<br \/>\nL\u2019UD met notamment en avant la question de la gestion de la vaccination et des lits de r\u00e9animation.<br \/>\nEn effet, quand on dit que nous sommes en \u00ab rouge \u00bb ou en \u00ab noir \u00bb, c\u2019est simplement li\u00e9 \u00e0 l\u2019occupation des lits de r\u00e9animation. Ce n\u2019est pas parce qu\u2019il y a \u00e9norm\u00e9ment de patients hospitalis\u00e9s, c\u2019est juste que nous n\u2019avons pas assez lits de r\u00e9animation.<br \/>\nDonc, la question est : pourquoi ne cr\u00e9ent-ils pas plus de lits ?<br \/>\nAujourd\u2019hui, nous avons seulement 6 vrais lits de r\u00e9animation pour 160 000 habitants ! C\u2019est tr\u00e8s largement insuffisant !\n<\/p>\n<p style= \"text-align: justify;\">\nVoil\u00e0, il faut bien comprendre le lien entre l\u2019acc\u00e9l\u00e9ration des projets de fusion\/absorption ou des fermetures de lits\u2026 l\u2019intransigeance pour en ouvrir de nouveaux\u2026 Et le renforcement d\u2019une gouvernementalit\u00e9 par la peur afin que chacun fasse l\u2019autruche et \u00e9vite d&rsquo;exiger des comptes \u00e0 un Etat qui ne joue plus son r\u00f4le.<br \/>\nC\u2019est pourquoi ce rassemblement est pleinement l\u00e9gitime\u2026 et m\u00eame n\u00e9cessaire dans la p\u00e9riode !\n<\/p>\n<p style= \"text-align: justify;\">\nPour le d\u00e9placement :<br \/>\nVous trouverez ci-dessous une attestation \u00e0 imprimer, \u00e0 remplir et \u00e0 utiliser si besoin le 7 avril.\n<\/p>\n<p style= \"text-align: justify;\">\nSoyons le plus nombreux possible le 7 avril pour d\u00e9fendre nos conditions de travail, nos \u00e9tablissements, notre syst\u00e8me de sant\u00e9, nos biens communs !\n<\/p>\n<p style= \"text-align: justify;\">\nOn luttera jusqu\u2019\u00e0 la victoire !\n<\/p>\n<p style= \"text-align: justify;\">\n>> Ci-joint le tract de l\u2019USD CGT Sant\u00e9 et Action Sociale 04 : <a href=\"http:\/\/www.cgt-hopital-manosque.fr\/wp-content\/uploads\/2021\/03\/Tract-pour-le-7-avril-2021.pdf\">CLIQUER ICI<\/a>\n<\/p>\n<p style= \"text-align: justify;\">\n>> Ci-joint le communiqu\u00e9 de l\u2019UD CGT 04 : <a href=\"http:\/\/www.cgt-hopital-manosque.fr\/wp-content\/uploads\/2021\/04\/1352.-Communiqu\u00e9-UD-CGT-04-pour-le-7-avril-2021.pdf\">CLIQUER ICI<\/a>\n<\/p>\n<p style= \"text-align: justify;\">\n>> Ci-joint une attestation de d\u00e9placement : <a href=\"http:\/\/www.cgt-hopital-manosque.fr\/wp-content\/uploads\/2021\/04\/1352.-Mod\u00e8le-dattestation-d\u00e9rogatoire.pdf\">CLIQUER ICI<\/a>\n<\/p>\n<p><\/strong><\/p>\n<p style= \"text-align: justify;\">\n","protected":false},"excerpt":{"rendered":"<p>Bonjour, Hier, nous avons eu plusieurs appels de personnels des diff\u00e9rents sites de Riez, Puimoisson et Valensole. Il est dit aux agents : \u00ab N\u2019allez pas au rassemblement du 7 avril parce que c\u2019est interdit \u00bb. Non ! Il n\u2019y a rien d\u2019interdit. Le rassemblement a \u00e9t\u00e9 d\u00e9clar\u00e9 en Pr\u00e9fecture. Si la Pr\u00e9fecture l\u2019interdit, on [&hellip;]<\/p>\n","protected":false},"author":1,"featured_media":0,"comment_status":"closed","ping_status":"closed","sticky":false,"template":"","format":"standard","meta":{"footnotes":""},"categories":[7],"tags":[],"views":875,"_links":{"self":[{"href":"http:\/\/www.cgt-hopital-manosque.fr\/index.php?rest_route=\/wp\/v2\/posts\/8297"}],"collection":[{"href":"http:\/\/www.cgt-hopital-manosque.fr\/index.php?rest_route=\/wp\/v2\/posts"}],"about":[{"href":"http:\/\/www.cgt-hopital-manosque.fr\/index.php?rest_route=\/wp\/v2\/types\/post"}],"author":[{"embeddable":true,"href":"http:\/\/www.cgt-hopital-manosque.fr\/index.php?rest_route=\/wp\/v2\/users\/1"}],"replies":[{"embeddable":true,"href":"http:\/\/www.cgt-hopital-manosque.fr\/index.php?rest_route=%2Fwp%2Fv2%2Fcomments&post=8297"}],"version-history":[{"count":1,"href":"http:\/\/www.cgt-hopital-manosque.fr\/index.php?rest_route=\/wp\/v2\/posts\/8297\/revisions"}],"predecessor-version":[{"id":8301,"href":"http:\/\/www.cgt-hopital-manosque.fr\/index.php?rest_route=\/wp\/v2\/posts\/8297\/revisions\/8301"}],"wp:attachment":[{"href":"http:\/\/www.cgt-hopital-manosque.fr\/index.php?rest_route=%2Fwp%2Fv2%2Fmedia&parent=8297"}],"wp:term":[{"taxonomy":"category","embeddable":true,"href":"http:\/\/www.cgt-hopital-manosque.fr\/index.php?rest_route=%2Fwp%2Fv2%2Fcategories&post=8297"},{"taxonomy":"post_tag","embeddable":true,"href":"http:\/\/www.cgt-hopital-manosque.fr\/index.php?rest_route=%2Fwp%2Fv2%2Ftags&post=8297"}],"curies":[{"name":"wp","href":"https:\/\/api.w.org\/{rel}","templated":true}]}}