{"id":8302,"date":"2021-04-09T18:53:02","date_gmt":"2021-04-09T18:53:02","guid":{"rendered":"http:\/\/www.cgt-hopital-manosque.fr\/?p=8302"},"modified":"2021-04-09T18:55:16","modified_gmt":"2021-04-09T18:55:16","slug":"9-avril-2021-retour-sur-le-rassemblement-contre-le-projet-de-fusion-des-hopitaux-de-riez-puimoisson-et-valensole","status":"publish","type":"post","link":"http:\/\/www.cgt-hopital-manosque.fr\/?p=8302","title":{"rendered":"9 avril 2021 &#8211; Retour sur le rassemblement contre le projet de fusion des h\u00f4pitaux de Riez, Puimoisson et Valensole"},"content":{"rendered":"<p><a href=\"http:\/\/www.cgt-hopital-manosque.fr\/wp-content\/uploads\/2021\/04\/1353.-Non-\u00e0-la-fusion-des-h\u00f4pitaux-de-Riez-Puimoisson-et-Valensole.jpg\"><img loading=\"lazy\" decoding=\"async\" src=\"http:\/\/www.cgt-hopital-manosque.fr\/wp-content\/uploads\/2021\/04\/1353.-Non-\u00e0-la-fusion-des-h\u00f4pitaux-de-Riez-Puimoisson-et-Valensole.jpg\" alt=\"1353. Non \u00e0 la fusion des h\u00f4pitaux de Riez, Puimoisson et Valensole\" width=\"1331\" height=\"743\" class=\"aligncenter size-full wp-image-8303\" srcset=\"http:\/\/www.cgt-hopital-manosque.fr\/wp-content\/uploads\/2021\/04\/1353.-Non-\u00e0-la-fusion-des-h\u00f4pitaux-de-Riez-Puimoisson-et-Valensole.jpg 1331w, http:\/\/www.cgt-hopital-manosque.fr\/wp-content\/uploads\/2021\/04\/1353.-Non-\u00e0-la-fusion-des-h\u00f4pitaux-de-Riez-Puimoisson-et-Valensole-300x167.jpg 300w, http:\/\/www.cgt-hopital-manosque.fr\/wp-content\/uploads\/2021\/04\/1353.-Non-\u00e0-la-fusion-des-h\u00f4pitaux-de-Riez-Puimoisson-et-Valensole-1024x572.jpg 1024w\" sizes=\"(max-width: 1331px) 100vw, 1331px\" \/><\/a><\/p>\n<p><strong><\/p>\n<p style= \"text-align: justify;\">\nBonsoir,<br \/>\nDans cette p\u00e9riode trouble et d&rsquo;incertitudes, o\u00f9 se multiplient les projets de restructurations tant dans le public que dans le priv\u00e9, il est n\u00e9cessaire de ne pas rester \u00e0 la surface (l\u00e0 o\u00f9 ils veulent nous maintenir) et d&rsquo;approfondir les sujets de fond. Il nous faut nous concentrer sur le factuel&#8230; Loin des slogans et de la m\u00e9diocrit\u00e9 dans laquelle ils essaient de nous enfermer (comme dans la paresse intellectuelle et d&rsquo;engagement) &#8230; En gardant comme boussole la d\u00e9fense de l&rsquo;int\u00e9r\u00eat des personnels et des populations.\n<\/p>\n<p style= \"text-align: justify;\">\nC&rsquo;\u00e9tait le sens de la mobilisation de mercredi matin, lors du rassemblement \u00e0 Riez, malgr\u00e9 toutes les difficult\u00e9s rencontr\u00e9es, o\u00f9 nous avons crois\u00e9 des personnels et des citoyens, faisant preuve de bon sens, ayant tr\u00e8s bien compris en quoi consistait une fusion d&rsquo;h\u00f4pitaux et pourquoi il fallait se mobiliser pour ne pas qu&rsquo;elle soit mise en \u0153uvre.\n<\/p>\n<p style= \"text-align: justify;\">\nContrairement \u00e0 ce qu&rsquo;explique la direction du GHT 04 \u00e0 la fin de l&rsquo;interview de France 3, le but d&rsquo;une fusion n&rsquo;est pas d&rsquo;am\u00e9liorer le syst\u00e8me informatique ou d&rsquo;am\u00e9liorer le fonctionnement de la pharmacie. On a eu l&rsquo;impression d&rsquo;\u00e9couter un sketch, une blague&#8230; On pourrait alors lui demander dans la suite logique : Si on veut repeindre de la m\u00eame couleur les murs des 3 \u00e9tablissements, doit-on faire une fusion ? Peut-\u00eatre qu&rsquo;on nous r\u00e9pondra oui, afin de garder une certaine coh\u00e9rence avec le reste. \u00c7a fait quand m\u00eame froid dans le dos quand on connait leur responsabilit\u00e9 et l&rsquo;influence qu&rsquo;ils peuvent avoir sur l&rsquo;acc\u00e8s  aux soins dans le d\u00e9partement.\n<\/p>\n<p style= \"text-align: justify;\">\nPour \u00eatre plus s\u00e9rieux, une fusion\/absorption, c&rsquo;est une restructuration de tr\u00e8s grande ampleur, lourde, technique entrainant de nombreux chamboulements, ce que C\u00e9dric Solezzi explique dans son ouvrage \u00ab\u00a0Tout savoir sur une fusion hospitali\u00e8re\u00a0\u00bb. Et il d\u00e9bute son livre en expliquant \u00ab\u00a0une fusion absorption entra\u00eene le maintien de l&rsquo;un des \u00e9tablissements, et la disparition du ou des autres (le survivant conservant son si\u00e8ge, son num\u00e9ro FINESS, ses r\u00e9f\u00e9rences bancaires&#8230;)\u00a0\u00bb. Tout est dit en quelques mots.\n<\/p>\n<p>C&rsquo;est pourquoi, nous avons besoin de remettre de la d\u00e9mocratie \u00e0 tous les \u00e9tages et que chacun joue r\u00e9ellement son r\u00f4le de citoyens, de repr\u00e9sentants du personnel ou d&rsquo;\u00e9lus locaux.\n<\/p>\n<p style= \"text-align: justify;\">\nAujourd&rsquo;hui, les citoyens ont besoin de reprendre leur place, afin de ne pas laisser carte blanche \u00e0 des responsables, des technocrates ne repr\u00e9sentant que les int\u00e9r\u00eats d&rsquo;une petite minorit\u00e9 au d\u00e9triment de l&rsquo;int\u00e9r\u00eat commun.\n<\/p>\n<p style= \"text-align: justify;\">\nGr\u00e2ce \u00e0 notre r\u00e9activit\u00e9 et \u00e0 la mobilisation qui s&rsquo;en est suivie, nous avons mis un coup de projecteur sur un v\u00e9ritable scandale sanitaire entra\u00eenant la suspension imm\u00e9diate du projet de fusion. Mais en aucun cas, il s&rsquo;agit d&rsquo;un retrait ferme et d\u00e9finitif. C&rsquo;est pourquoi il faut continuer \u00e0 nous mobiliser selon diff\u00e9rentes modalit\u00e9s et selon notre propre calendrier pour faire \u00e9chec \u00e0 leurs plans mortif\u00e8res et pour exiger des moyens suppl\u00e9mentaires pour les \u00e9tablissements et personnels !\n<\/p>\n<p style= \"text-align: justify;\">\nOn vous tiendra inform\u00e9 prochainement de la suite qui sera donn\u00e9e \u00e0 notre processus de d\u00e9fense et de reconqu\u00eate de nos structures sanitaires, m\u00e9dico-sociales et sociales.\n<\/p>\n<p style= \"text-align: justify;\">\nOn a gagn\u00e9 un peu de temps pour avancer nous aussi nos pi\u00e8ces du puzzle !<br \/>\nOn reste d\u00e9termin\u00e9s !<br \/>\nEt on ne l\u00e2chera rien !\n<\/p>\n<p style= \"text-align: justify;\">\n>> Pour voir l&rsquo;interview diffus\u00e9 dans le JT de France 3 mercredi soir : <a href=\"https:\/\/youtu.be\/4MphdSFNsIM\"target=\"_blank\">CLIQUER ICI<\/a>\n<\/p>\n<p style= \"text-align: justify;\">\n>> Pour voir l&rsquo;interview dans BFM D&rsquo;ICI : <a href=\"https:\/\/www.bfmtv.com\/bfm-dici\/replay-emissions\/bonjour-dici\/alpes-de-haute-provence-les-syndicats-contre-la-fusion-des-etablissements-de-sante-a-riez_VN-202104070347.html\"target=\"_blank\">CLIQUER ICI<\/a>\n<\/p>\n<p style= \"text-align: justify;\">\n>> Ci-joint \u00e9galement l&rsquo;article paru dans la Provence le 8 avril :<br \/>\n<a href=\"http:\/\/www.cgt-hopital-manosque.fr\/wp-content\/uploads\/2021\/04\/1353.-Article-La-Provence-du-8-avril-2021.jpg\"><img loading=\"lazy\" decoding=\"async\" src=\"http:\/\/www.cgt-hopital-manosque.fr\/wp-content\/uploads\/2021\/04\/1353.-Article-La-Provence-du-8-avril-2021.jpg\" alt=\"1353. Article La Provence du 8 avril 2021\" width=\"860\" height=\"735\" class=\"aligncenter size-full wp-image-8304\" srcset=\"http:\/\/www.cgt-hopital-manosque.fr\/wp-content\/uploads\/2021\/04\/1353.-Article-La-Provence-du-8-avril-2021.jpg 860w, http:\/\/www.cgt-hopital-manosque.fr\/wp-content\/uploads\/2021\/04\/1353.-Article-La-Provence-du-8-avril-2021-300x256.jpg 300w\" sizes=\"(max-width: 860px) 100vw, 860px\" \/><\/a>\n<\/p>\n<p><\/strong><\/p>\n<p style= \"text-align: justify;\">\n","protected":false},"excerpt":{"rendered":"<p>Bonsoir, Dans cette p\u00e9riode trouble et d&rsquo;incertitudes, o\u00f9 se multiplient les projets de restructurations tant dans le public que dans le priv\u00e9, il est n\u00e9cessaire de ne pas rester \u00e0 la surface (l\u00e0 o\u00f9 ils veulent nous maintenir) et d&rsquo;approfondir les sujets de fond. Il nous faut nous concentrer sur le factuel&#8230; Loin des slogans [&hellip;]<\/p>\n","protected":false},"author":1,"featured_media":0,"comment_status":"closed","ping_status":"closed","sticky":false,"template":"","format":"standard","meta":{"footnotes":""},"categories":[7],"tags":[],"views":804,"_links":{"self":[{"href":"http:\/\/www.cgt-hopital-manosque.fr\/index.php?rest_route=\/wp\/v2\/posts\/8302"}],"collection":[{"href":"http:\/\/www.cgt-hopital-manosque.fr\/index.php?rest_route=\/wp\/v2\/posts"}],"about":[{"href":"http:\/\/www.cgt-hopital-manosque.fr\/index.php?rest_route=\/wp\/v2\/types\/post"}],"author":[{"embeddable":true,"href":"http:\/\/www.cgt-hopital-manosque.fr\/index.php?rest_route=\/wp\/v2\/users\/1"}],"replies":[{"embeddable":true,"href":"http:\/\/www.cgt-hopital-manosque.fr\/index.php?rest_route=%2Fwp%2Fv2%2Fcomments&post=8302"}],"version-history":[{"count":3,"href":"http:\/\/www.cgt-hopital-manosque.fr\/index.php?rest_route=\/wp\/v2\/posts\/8302\/revisions"}],"predecessor-version":[{"id":8307,"href":"http:\/\/www.cgt-hopital-manosque.fr\/index.php?rest_route=\/wp\/v2\/posts\/8302\/revisions\/8307"}],"wp:attachment":[{"href":"http:\/\/www.cgt-hopital-manosque.fr\/index.php?rest_route=%2Fwp%2Fv2%2Fmedia&parent=8302"}],"wp:term":[{"taxonomy":"category","embeddable":true,"href":"http:\/\/www.cgt-hopital-manosque.fr\/index.php?rest_route=%2Fwp%2Fv2%2Fcategories&post=8302"},{"taxonomy":"post_tag","embeddable":true,"href":"http:\/\/www.cgt-hopital-manosque.fr\/index.php?rest_route=%2Fwp%2Fv2%2Ftags&post=8302"}],"curies":[{"name":"wp","href":"https:\/\/api.w.org\/{rel}","templated":true}]}}