{"id":831,"date":"2012-10-23T18:52:37","date_gmt":"2012-10-23T18:52:37","guid":{"rendered":"http:\/\/www.cgt-hopital-manosque.fr\/?p=831"},"modified":"2012-10-23T18:55:38","modified_gmt":"2012-10-23T18:55:38","slug":"23-octobre-2012-infos-reglementaires-adjoints-des-cadres-tsh-personnels-de-categorie-c","status":"publish","type":"post","link":"http:\/\/www.cgt-hopital-manosque.fr\/?p=831","title":{"rendered":"24 octobre 2012 &#8211; Infos r\u00e9glementaires : Personnels de cat\u00e9gorie C \/ Adjoints des cadres \/ TSH"},"content":{"rendered":"<p style= \"text-align: justify;\">\n<p><strong>1\/ Cat\u00e9gorie C  :  acc\u00e8s \u00e0 l&rsquo;\u00e9chelon sp\u00e9cial de l&rsquo;Echelle 6, fonctionnaires des fili\u00e8res administrative et soignante, d\u00e9cret du 16 octobre 2012<\/strong><\/p>\n<p>Publication au journal officiel du 18 octobre 2012 du d\u00e9cret n\u00b0 2012-1157 du 16 octobre 2012 modifiant le d\u00e9cret n\u00b0 2006-227 du 24 f\u00e9vrier 2006 relatif \u00e0 l\u2019organisation des carri\u00e8res des fonctionnaires hospitaliers de cat\u00e9gorie C.<\/p>\n<p>Ce d\u00e9cret ouvre l\u2019acc\u00e8s \u00e0 l\u2019\u00e9chelon sp\u00e9cial de l\u2019\u00e9chelle 6 aux agents relevant des fili\u00e8res administrative et soignante. Jusqu\u2019\u00e0 pr\u00e9sent, seuls les personnels appartenant \u00e0 la fili\u00e8re ouvri\u00e8re et technique avaient acc\u00e8s \u00e0 cet \u00e9chelon sp\u00e9cial. Pour les agents des fili\u00e8res administrative et soignante, l\u2019acc\u00e8s s\u2019effectue selon les modalit\u00e9s d\u2019avancement de grade puisqu\u2019un taux d\u2019avancement sera fix\u00e9 pour chaque corps. Pourront \u00eatre inscrits sur le tableau d\u2019avancement, les agents qui justifieront d\u2019au moins trois ans d\u2019anciennet\u00e9 dans le 7\u00e8me \u00e9chelon.<\/p>\n<p><strong>2\/ ACH : modalit\u00e9s d&rsquo;organisation des concours, arr\u00eat\u00e9s du 27 septembre 2012<\/strong><\/p>\n<p>Publication au journal officiel du 4 octobre 2012 de deux arr\u00eat\u00e9s en date du 27 septembre 2012 fixant la composition du jury et les modalit\u00e9s d\u2019organisation des concours externes et internes permettant l\u2019acc\u00e8s au 1er grade et au 2\u00e8me grade du corps des adjoints des cadres hospitaliers.<\/p>\n<p>Les arr\u00eat\u00e9s pr\u00e9cisent :<br \/>\n&#8211; Les modalit\u00e9s d\u2019ouverture des concours internes et externes,<br \/>\n&#8211; Les documents \u00e0 joindre \u00e0 la demande d\u2019admission \u00e0 concourir,<br \/>\n&#8211; La composition du jury des concours,<br \/>\n&#8211; La phase d\u2019admissibilit\u00e9 et l\u2019\u00e9preuve d\u2019admission des concours externes,<br \/>\n&#8211; Les \u00e9preuves d\u2019admissibilit\u00e9 et l\u2019\u00e9preuve d\u2019admission des concours internes sur \u00e9preuves,<br \/>\n&#8211; Les conditions d\u2019admission des candidats.<\/p>\n<p>L\u2019annexe I de chaque arr\u00eat\u00e9 pr\u00e9sente le programme des \u00e9preuves de deux branches \u00ab Gestion \u00e9conomique, finances et logistique \u00bb et \u00ab gestion administrative g\u00e9n\u00e9rale \u00bb. A noter, la modification des programmes des \u00e9preuves qui interviendra pour les concours organis\u00e9s \u00e0 compter du 1er septembre 2013.<\/p>\n<p>L\u2019annexe II de chaque arr\u00eat\u00e9 d\u00e9termine le dossier de reconnaissance des acquis de l\u2019exp\u00e9rience professionnelle (RAEP), dossier que doivent fournir les candidats en vue de l\u2019\u00e9preuve d\u2019admission des concours internes.<\/p>\n<p><strong>3\/ TSH de 2\u00e8me classe : modalit\u00e9s d&rsquo;organisation des concours, arr\u00eat\u00e9 du 27 septembre 2012<\/strong><\/p>\n<p>Publication au journal officiel du 4 octobre 2012 d\u2019un arr\u00eat\u00e9 en date du 27 septembre 2012 fixant la composition du jury et les modalit\u00e9s d\u2019organisation des concours externe sur titres, interne sur \u00e9preuves et du troisi\u00e8me concours permettant l\u2019acc\u00e8s au grade de technicien sup\u00e9rieur hospitalier de 2\u00e8me classe du corps des techniciens et techniciens sup\u00e9rieurs hospitaliers.<\/p>\n<p>Cet arr\u00eat\u00e9 pr\u00e9cise :<br \/>\n&#8211; Les modalit\u00e9s d\u2019ouverture des concours externe, interne et du troisi\u00e8me concours,<br \/>\n&#8211; Les documents \u00e0 joindre \u00e0 la demande d\u2019admission \u00e0 concourir,<br \/>\n&#8211; La composition du jury des concours,<br \/>\n&#8211; La phase d\u2019admissibilit\u00e9 et l\u2019\u00e9preuve d\u2019admission du concours externe,<br \/>\n&#8211; Les \u00e9preuves d\u2019admissibilit\u00e9 et l\u2019\u00e9preuve d\u2019admission du concours interne et du troisi\u00e8me concours,<br \/>\n&#8211; Les conditions d\u2019admission des candidats.<\/p>\n<p>Deux annexes sont jointes \u00e0 cet arr\u00eat\u00e9 :<br \/>\n&#8211; Annexe I : programme de la deuxi\u00e8me \u00e9preuve du concours interne et du troisi\u00e8me concours.<br \/>\n&#8211; Annexe II : dossier de reconnaissance des acquis de l\u2019exp\u00e9rience professionnelle (RAEP), dossier que doivent fournir les candidats en vue de l\u2019\u00e9preuve d\u2019admission du concours interne et du troisi\u00e8me concours.<\/p>\n","protected":false},"excerpt":{"rendered":"<p>1\/ Cat\u00e9gorie C : acc\u00e8s \u00e0 l&rsquo;\u00e9chelon sp\u00e9cial de l&rsquo;Echelle 6, fonctionnaires des fili\u00e8res administrative et soignante, d\u00e9cret du 16 octobre 2012 Publication au journal officiel du 18 octobre 2012 du d\u00e9cret n\u00b0 2012-1157 du 16 octobre 2012 modifiant le d\u00e9cret n\u00b0 2006-227 du 24 f\u00e9vrier 2006 relatif \u00e0 l\u2019organisation des carri\u00e8res des fonctionnaires hospitaliers [&hellip;]<\/p>\n","protected":false},"author":1,"featured_media":0,"comment_status":"closed","ping_status":"open","sticky":false,"template":"","format":"standard","meta":{"footnotes":""},"categories":[8],"tags":[],"views":2956,"_links":{"self":[{"href":"http:\/\/www.cgt-hopital-manosque.fr\/index.php?rest_route=\/wp\/v2\/posts\/831"}],"collection":[{"href":"http:\/\/www.cgt-hopital-manosque.fr\/index.php?rest_route=\/wp\/v2\/posts"}],"about":[{"href":"http:\/\/www.cgt-hopital-manosque.fr\/index.php?rest_route=\/wp\/v2\/types\/post"}],"author":[{"embeddable":true,"href":"http:\/\/www.cgt-hopital-manosque.fr\/index.php?rest_route=\/wp\/v2\/users\/1"}],"replies":[{"embeddable":true,"href":"http:\/\/www.cgt-hopital-manosque.fr\/index.php?rest_route=%2Fwp%2Fv2%2Fcomments&post=831"}],"version-history":[{"count":4,"href":"http:\/\/www.cgt-hopital-manosque.fr\/index.php?rest_route=\/wp\/v2\/posts\/831\/revisions"}],"predecessor-version":[{"id":834,"href":"http:\/\/www.cgt-hopital-manosque.fr\/index.php?rest_route=\/wp\/v2\/posts\/831\/revisions\/834"}],"wp:attachment":[{"href":"http:\/\/www.cgt-hopital-manosque.fr\/index.php?rest_route=%2Fwp%2Fv2%2Fmedia&parent=831"}],"wp:term":[{"taxonomy":"category","embeddable":true,"href":"http:\/\/www.cgt-hopital-manosque.fr\/index.php?rest_route=%2Fwp%2Fv2%2Fcategories&post=831"},{"taxonomy":"post_tag","embeddable":true,"href":"http:\/\/www.cgt-hopital-manosque.fr\/index.php?rest_route=%2Fwp%2Fv2%2Ftags&post=831"}],"curies":[{"name":"wp","href":"https:\/\/api.w.org\/{rel}","templated":true}]}}