{"id":8313,"date":"2021-04-27T19:28:13","date_gmt":"2021-04-27T19:28:13","guid":{"rendered":"http:\/\/www.cgt-hopital-manosque.fr\/?p=8313"},"modified":"2021-04-27T19:28:13","modified_gmt":"2021-04-27T19:28:13","slug":"27-avril-2021-billet-dhumeur-de-la-semaine-de-christophe-prudhomme-docteur-junior","status":"publish","type":"post","link":"http:\/\/www.cgt-hopital-manosque.fr\/?p=8313","title":{"rendered":"27 avril 2021 &#8211; Billet d&rsquo;humeur de la semaine de Christophe Prudhomme \u00ab\u00a0Docteur junior\u00a0\u00bb"},"content":{"rendered":"<p><a href=\"http:\/\/www.cgt-hopital-manosque.fr\/wp-content\/uploads\/2020\/07\/1274.-S\u00e9gur-de-la-sant\u00e9-Christophe-Prudhomme.jpg\"><img loading=\"lazy\" decoding=\"async\" src=\"http:\/\/www.cgt-hopital-manosque.fr\/wp-content\/uploads\/2020\/07\/1274.-S\u00e9gur-de-la-sant\u00e9-Christophe-Prudhomme.jpg\" alt=\"1274. S\u00e9gur de la sant\u00e9 Christophe Prudhomme\" width=\"1048\" height=\"450\" class=\"aligncenter size-full wp-image-7818\" srcset=\"http:\/\/www.cgt-hopital-manosque.fr\/wp-content\/uploads\/2020\/07\/1274.-S\u00e9gur-de-la-sant\u00e9-Christophe-Prudhomme.jpg 1048w, http:\/\/www.cgt-hopital-manosque.fr\/wp-content\/uploads\/2020\/07\/1274.-S\u00e9gur-de-la-sant\u00e9-Christophe-Prudhomme-300x129.jpg 300w, http:\/\/www.cgt-hopital-manosque.fr\/wp-content\/uploads\/2020\/07\/1274.-S\u00e9gur-de-la-sant\u00e9-Christophe-Prudhomme-1024x440.jpg 1024w\" sizes=\"(max-width: 1048px) 100vw, 1048px\" \/><\/a><\/p>\n<p><strong><\/p>\n<p style= \"text-align: justify;\">\nBillet d&rsquo;humeur de la semaine\n<\/p>\n<p style= \"text-align: justify;\">\nDocteur junior\n<\/p>\n<p style= \"text-align: justify;\">\nUne nouvelle r\u00e9forme des \u00e9tudes m\u00e9dicales a allong\u00e9 la p\u00e9riode de l\u2019internat qui s\u2019\u00e9tale maintenant sur 4 \u00e0 6 ans selon les sp\u00e9cialit\u00e9s. Cela signifie que les jeunes m\u00e9decins ne peuvent vraiment exercer pleinement leur m\u00e9tier qu\u2019au bout de 10 \u00e0 12 ans d\u2019\u00e9tudes. En fin de cursus, sous r\u00e9serve d\u2019avoir valid\u00e9 leur th\u00e8se de doctorat, les internes obtiennent le titre de \u00ab m\u00e9decin junior \u00bb et peuvent donc travailler \u00e0 l\u2019h\u00f4pital comme m\u00e9decin avec toutes les responsabilit\u00e9s aff\u00e9rentes, mais ils continuent \u00e0 \u00eatre pay\u00e9s comme internes.\n<\/p>\n<p style= \"text-align: justify;\">\nEn fait il s\u2019agit de la transposition de ce qui existe dans d\u2019autres secteurs d\u2019activit\u00e9 avec les stagiaires en fin d\u2019\u00e9tudes qui occupent des postes de salari\u00e9s \u00e0 responsabilit\u00e9 tout en \u00e9tant sous-r\u00e9mun\u00e9r\u00e9s. Ce qui est scandaleux est que ce sont les fameux praticiens hospitalo-universitaires, c\u2019est-\u00e0-dire les professeurs de m\u00e9decine, qui ont impos\u00e9 cette r\u00e9forme au gouvernement qui a saut\u00e9 sur l\u2019occasion pour pouvoir faire fonctionner les h\u00f4pitaux au moindre co\u00fbt en b\u00e9n\u00e9ficiant d\u2019une main d\u2019\u0153uvre qualifi\u00e9e, taillable et corv\u00e9able \u00e0 merci.\n<\/p>\n<p style= \"text-align: justify;\">\nLa crise actuelle a mis en lumi\u00e8re de mani\u00e8re brutale ce syst\u00e8me de surexploitation des jeunes m\u00e9decins qui, restant sous tutelle et \u00e9tant dans l\u2019obligation de remplir leur service pour valider la fin de leur cursus, ont \u00e9t\u00e9 contraints de multiplier les heures et les nuits de travail pour assurer le fonctionnement de l\u2019h\u00f4pital dans un contexte de p\u00e9nurie de praticiens hospitaliers titulaires.\n<\/p>\n<p style= \"text-align: justify;\">\nEn effet, il faut savoir qu\u2019au-del\u00e0 des fermetures massives de lits qui nous font cruellement d\u00e9faut aujourd\u2019hui, l\u2019h\u00f4pital public manque dramatiquement de m\u00e9decins avec 25 % des postes de titulaires vacants. Et encore ce n\u2019est qu\u2019une moyenne ! Dans le secteur de la r\u00e9animation, essentiel aujourd\u2019hui, le d\u00e9ficit est estim\u00e9 \u00e0 1 000 m\u00e9decins. La solution d\u2019avenir ne peut \u00eatre de pressurer les plus jeunes au risque de les d\u00e9go\u00fbter, voire m\u00eame pire avec l\u2019augmentation du nombre de suicides chez les internes constat\u00e9e ces derniers mois, tr\u00e8s souvent dans un contexte d\u2019\u00e9puisement professionnel.\n<\/p>\n<p style= \"text-align: justify;\">\nDr Christophe Prudhomme\n<\/p>\n<p><\/strong><\/p>\n<p style= \"text-align: justify;\">\n","protected":false},"excerpt":{"rendered":"<p>Billet d&rsquo;humeur de la semaine Docteur junior Une nouvelle r\u00e9forme des \u00e9tudes m\u00e9dicales a allong\u00e9 la p\u00e9riode de l\u2019internat qui s\u2019\u00e9tale maintenant sur 4 \u00e0 6 ans selon les sp\u00e9cialit\u00e9s. Cela signifie que les jeunes m\u00e9decins ne peuvent vraiment exercer pleinement leur m\u00e9tier qu\u2019au bout de 10 \u00e0 12 ans d\u2019\u00e9tudes. En fin de cursus, [&hellip;]<\/p>\n","protected":false},"author":1,"featured_media":0,"comment_status":"closed","ping_status":"closed","sticky":false,"template":"","format":"standard","meta":{"footnotes":""},"categories":[8],"tags":[],"views":1089,"_links":{"self":[{"href":"http:\/\/www.cgt-hopital-manosque.fr\/index.php?rest_route=\/wp\/v2\/posts\/8313"}],"collection":[{"href":"http:\/\/www.cgt-hopital-manosque.fr\/index.php?rest_route=\/wp\/v2\/posts"}],"about":[{"href":"http:\/\/www.cgt-hopital-manosque.fr\/index.php?rest_route=\/wp\/v2\/types\/post"}],"author":[{"embeddable":true,"href":"http:\/\/www.cgt-hopital-manosque.fr\/index.php?rest_route=\/wp\/v2\/users\/1"}],"replies":[{"embeddable":true,"href":"http:\/\/www.cgt-hopital-manosque.fr\/index.php?rest_route=%2Fwp%2Fv2%2Fcomments&post=8313"}],"version-history":[{"count":1,"href":"http:\/\/www.cgt-hopital-manosque.fr\/index.php?rest_route=\/wp\/v2\/posts\/8313\/revisions"}],"predecessor-version":[{"id":8314,"href":"http:\/\/www.cgt-hopital-manosque.fr\/index.php?rest_route=\/wp\/v2\/posts\/8313\/revisions\/8314"}],"wp:attachment":[{"href":"http:\/\/www.cgt-hopital-manosque.fr\/index.php?rest_route=%2Fwp%2Fv2%2Fmedia&parent=8313"}],"wp:term":[{"taxonomy":"category","embeddable":true,"href":"http:\/\/www.cgt-hopital-manosque.fr\/index.php?rest_route=%2Fwp%2Fv2%2Fcategories&post=8313"},{"taxonomy":"post_tag","embeddable":true,"href":"http:\/\/www.cgt-hopital-manosque.fr\/index.php?rest_route=%2Fwp%2Fv2%2Ftags&post=8313"}],"curies":[{"name":"wp","href":"https:\/\/api.w.org\/{rel}","templated":true}]}}