{"id":8354,"date":"2021-06-06T19:44:36","date_gmt":"2021-06-06T19:44:36","guid":{"rendered":"http:\/\/www.cgt-hopital-manosque.fr\/?p=8354"},"modified":"2021-06-07T05:51:54","modified_gmt":"2021-06-07T05:51:54","slug":"7-juin-2021-rappel-de-quelques-regles-sur-les-conges-annuels","status":"publish","type":"post","link":"http:\/\/www.cgt-hopital-manosque.fr\/?p=8354","title":{"rendered":"7 juin 2021 &#8211; Rappel de quelques r\u00e8gles sur les cong\u00e9s annuels"},"content":{"rendered":"<p><a href=\"http:\/\/www.cgt-hopital-manosque.fr\/wp-content\/uploads\/2021\/06\/1362.-Les-cong\u00e9s-pay\u00e9s-obtenus-par-la-lutte-syndicale.jpg\"><img loading=\"lazy\" decoding=\"async\" src=\"http:\/\/www.cgt-hopital-manosque.fr\/wp-content\/uploads\/2021\/06\/1362.-Les-cong\u00e9s-pay\u00e9s-obtenus-par-la-lutte-syndicale.jpg\" alt=\"1362. Les cong\u00e9s pay\u00e9s obtenus par la lutte syndicale\" width=\"345\" height=\"345\" class=\"aligncenter size-full wp-image-8355\" srcset=\"http:\/\/www.cgt-hopital-manosque.fr\/wp-content\/uploads\/2021\/06\/1362.-Les-cong\u00e9s-pay\u00e9s-obtenus-par-la-lutte-syndicale.jpg 345w, http:\/\/www.cgt-hopital-manosque.fr\/wp-content\/uploads\/2021\/06\/1362.-Les-cong\u00e9s-pay\u00e9s-obtenus-par-la-lutte-syndicale-150x150.jpg 150w, http:\/\/www.cgt-hopital-manosque.fr\/wp-content\/uploads\/2021\/06\/1362.-Les-cong\u00e9s-pay\u00e9s-obtenus-par-la-lutte-syndicale-300x300.jpg 300w\" sizes=\"(max-width: 345px) 100vw, 345px\" \/><\/a><\/p>\n<p><a href=\"http:\/\/www.cgt-hopital-manosque.fr\/wp-content\/uploads\/2021\/06\/1362.-La-France-d\u00e9couvre-les-cong\u00e9s-pay\u00e9s.jpg\"><img loading=\"lazy\" decoding=\"async\" src=\"http:\/\/www.cgt-hopital-manosque.fr\/wp-content\/uploads\/2021\/06\/1362.-La-France-d\u00e9couvre-les-cong\u00e9s-pay\u00e9s.jpg\" alt=\"Conges payes\" width=\"704\" height=\"396\" class=\"aligncenter size-full wp-image-8356\" srcset=\"http:\/\/www.cgt-hopital-manosque.fr\/wp-content\/uploads\/2021\/06\/1362.-La-France-d\u00e9couvre-les-cong\u00e9s-pay\u00e9s.jpg 704w, http:\/\/www.cgt-hopital-manosque.fr\/wp-content\/uploads\/2021\/06\/1362.-La-France-d\u00e9couvre-les-cong\u00e9s-pay\u00e9s-300x169.jpg 300w\" sizes=\"(max-width: 704px) 100vw, 704px\" \/><\/a><\/p>\n<p><strong><\/p>\n<p style= \"text-align: justify;\">\nPour faire un rappel sur la r\u00e8glementation sur les cong\u00e9s annuels, il est important de partir de l&rsquo;article 1er du d\u00e9cret 2002-8 du 4 janvier 2002 qui stipule :\n<\/p>\n<p style= \"text-align: justify;\">\n \u00abTout fonctionnaire d&rsquo;un des \u00e9tablissements mentionn\u00e9s \u00e0 l&rsquo;article 2 de la loi du 9 janvier 1986 susvis\u00e9e en activit\u00e9 a droit, dans les conditions et sous les r\u00e9serves pr\u00e9cis\u00e9es aux articles ci-apr\u00e8s, pour une ann\u00e9e de service accompli du 1er janvier au 31 d\u00e9cembre, \u00e0 un cong\u00e9 annuel d&rsquo;une dur\u00e9e \u00e9gale \u00e0 cinq fois ses obligations hebdomadaires de service.<br \/>\nCette dur\u00e9e est appr\u00e9ci\u00e9e en nombre de jours ouvr\u00e9s, sur la base de 25 jours ouvr\u00e9s pour l&rsquo;exercice de fonctions \u00e0 temps plein.<br \/>\nLes agents autoris\u00e9s \u00e0 travailler \u00e0 temps partiel ont droit aux cong\u00e9s auxquels peuvent pr\u00e9tendre les agents accomplissant un service \u00e0 temps plein, r\u00e9mun\u00e9r\u00e9s selon la quotit\u00e9 autoris\u00e9e.<br \/>\nL&rsquo;agent qui n&rsquo;a pas exerc\u00e9 ses fonctions pendant la totalit\u00e9 de la p\u00e9riode de r\u00e9f\u00e9rence indiqu\u00e9e pr\u00e9c\u00e9demment a droit \u00e0 un cong\u00e9 annuel de deux jours ouvr\u00e9s par mois ou fraction de mois sup\u00e9rieure \u00e0 quinze jours \u00e9coul\u00e9s depuis l&rsquo;entr\u00e9e en fonction&#8230;<br \/>\n&#8230;Les cong\u00e9s pr\u00e9vus \u00e0 l&rsquo; article 21 bis de la loi n\u00b0 83-634 du 13 juillet 1983 portant droits et obligations des fonctionnaires ainsi qu&rsquo; \u00e0 l&rsquo;article 41 et au quatri\u00e8me alin\u00e9a de l&rsquo;article 63 de la loi du 9 janvier 1986 susvis\u00e9e sont consid\u00e9r\u00e9s, pour l&rsquo;application de ces dispositions, comme service accompli au sens du premier alin\u00e9a du pr\u00e9sent article.\u00bb\n<\/p>\n<p style= \"text-align: justify;\">\nAinsi, tout fonctionnaire hospitalier en activit\u00e9 a droit pour une ann\u00e9e de service accompli du 1er janvier au 31 d\u00e9cembre, \u00e0 un cong\u00e9 annuel d&rsquo;une dur\u00e9e \u00e9gale \u00e0 cinq fois ses obligations hebdomadaires de service. Cette dur\u00e9e s&rsquo;appr\u00e9cie en nombre de jours ouvr\u00e9s, sur la base de 25 jours ouvr\u00e9s pour l&rsquo;exercice de fonctions \u00e0 temps plein.\n<\/p>\n<p style= \"text-align: justify;\">\nLes agents autoris\u00e9s \u00e0 travailler \u00e0 temps partiel ont droit aux cong\u00e9s auxquels peuvent pr\u00e9tendre les agents accomplissant un service \u00e0 temps plein, r\u00e9mun\u00e9r\u00e9s selon la quotit\u00e9 autoris\u00e9e.\n<\/p>\n<p style= \"text-align: justify;\">\nEn revanche, l&rsquo;agent qui n&rsquo;a pas exerc\u00e9 ses fonctions pendant la totalit\u00e9 de la p\u00e9riode de r\u00e9f\u00e9rence indiqu\u00e9e pr\u00e9c\u00e9demment a droit \u00e0 un cong\u00e9 annuel de deux jours ouvr\u00e9s par mois ou fraction de mois sup\u00e9rieure \u00e0 quinze jours \u00e9coul\u00e9s depuis l&rsquo;entr\u00e9e en fonction.\n<\/p>\n<p style= \"text-align: justify;\">\nIl convient de noter que cette r\u00e8gle s&rsquo;applique \u00e9galement aux agents contractuels et stagiaires :<br \/>\n&#8211; Pour les contractuels : voir l&rsquo;article 8 du d\u00e9cret 91-155 du 6 f\u00e9vrier 1991 ( \u00ab l&rsquo;agent contractuel en activit\u00e9 a droit, compte tenu de la dur\u00e9e de service effectu\u00e9e, \u00e0 un cong\u00e9 annuel r\u00e9mun\u00e9r\u00e9, d\u00e9termin\u00e9 dans les m\u00eames conditions que celui accord\u00e9 aux fonctionnaires titulaires des \u00e9tablissements mentionn\u00e9s \u00e0 l&rsquo;article 2 de la loi du 9 janvier 1986 susvis\u00e9e. \u00bb)<br \/>\n&#8211; Pour les stagiaires : voir l&rsquo;article 24 du d\u00e9cret 97-487 du 12 mai 1997 (\u00ab L&rsquo;agent stagiaire a droit \u00e0 un cong\u00e9 annuel dont la dur\u00e9e et les conditions d&rsquo;attribution sont identiques \u00e0 celles du cong\u00e9 annuel qui est pr\u00e9vu pour les fonctionnaires titulaires. \u00bb)\n<\/p>\n<p style= \"text-align: justify;\">\nConcernant les jours de cong\u00e9s \u00ab\u00a0hors saison\u00a0\u00bb ou de \u00ab\u00a0fractionnement\u00a0\u00bb, l&rsquo;article 1 du d\u00e9cret 2002-8 du 4 janvier 2002 pr\u00e9cise :<br \/>\n\u00abL&rsquo;agent qui prend trois, quatre ou cinq jours ouvr\u00e9s de cong\u00e9s, en continu ou discontinu, entre la p\u00e9riode du 1er novembre au 30 avril b\u00e9n\u00e9ficie d&rsquo;un jour de cong\u00e9 suppl\u00e9mentaire. Un deuxi\u00e8me jour de cong\u00e9 suppl\u00e9mentaire est attribu\u00e9 \u00e0 l&rsquo;agent lorsque ce nombre est au moins \u00e9gal \u00e0 six jours ouvr\u00e9s.<br \/>\nL&rsquo;agent qui fractionne ses cong\u00e9s annuels en au moins trois p\u00e9riodes d&rsquo;au moins cinq jours ouvr\u00e9s chacune b\u00e9n\u00e9ficie d&rsquo;un jour de cong\u00e9 suppl\u00e9mentaire. \u00bb\n<\/p>\n<p><\/strong><\/p>\n<p style= \"text-align: justify;\">\n","protected":false},"excerpt":{"rendered":"<p>Pour faire un rappel sur la r\u00e8glementation sur les cong\u00e9s annuels, il est important de partir de l&rsquo;article 1er du d\u00e9cret 2002-8 du 4 janvier 2002 qui stipule : \u00abTout fonctionnaire d&rsquo;un des \u00e9tablissements mentionn\u00e9s \u00e0 l&rsquo;article 2 de la loi du 9 janvier 1986 susvis\u00e9e en activit\u00e9 a droit, dans les conditions et sous [&hellip;]<\/p>\n","protected":false},"author":1,"featured_media":0,"comment_status":"closed","ping_status":"closed","sticky":false,"template":"","format":"standard","meta":{"footnotes":""},"categories":[7],"tags":[],"views":1346,"_links":{"self":[{"href":"http:\/\/www.cgt-hopital-manosque.fr\/index.php?rest_route=\/wp\/v2\/posts\/8354"}],"collection":[{"href":"http:\/\/www.cgt-hopital-manosque.fr\/index.php?rest_route=\/wp\/v2\/posts"}],"about":[{"href":"http:\/\/www.cgt-hopital-manosque.fr\/index.php?rest_route=\/wp\/v2\/types\/post"}],"author":[{"embeddable":true,"href":"http:\/\/www.cgt-hopital-manosque.fr\/index.php?rest_route=\/wp\/v2\/users\/1"}],"replies":[{"embeddable":true,"href":"http:\/\/www.cgt-hopital-manosque.fr\/index.php?rest_route=%2Fwp%2Fv2%2Fcomments&post=8354"}],"version-history":[{"count":4,"href":"http:\/\/www.cgt-hopital-manosque.fr\/index.php?rest_route=\/wp\/v2\/posts\/8354\/revisions"}],"predecessor-version":[{"id":8360,"href":"http:\/\/www.cgt-hopital-manosque.fr\/index.php?rest_route=\/wp\/v2\/posts\/8354\/revisions\/8360"}],"wp:attachment":[{"href":"http:\/\/www.cgt-hopital-manosque.fr\/index.php?rest_route=%2Fwp%2Fv2%2Fmedia&parent=8354"}],"wp:term":[{"taxonomy":"category","embeddable":true,"href":"http:\/\/www.cgt-hopital-manosque.fr\/index.php?rest_route=%2Fwp%2Fv2%2Fcategories&post=8354"},{"taxonomy":"post_tag","embeddable":true,"href":"http:\/\/www.cgt-hopital-manosque.fr\/index.php?rest_route=%2Fwp%2Fv2%2Ftags&post=8354"}],"curies":[{"name":"wp","href":"https:\/\/api.w.org\/{rel}","templated":true}]}}