{"id":8377,"date":"2021-06-23T05:05:10","date_gmt":"2021-06-23T05:05:10","guid":{"rendered":"http:\/\/www.cgt-hopital-manosque.fr\/?p=8377"},"modified":"2021-06-23T05:05:10","modified_gmt":"2021-06-23T05:05:10","slug":"23-juin-2020-le-bulletin-dhumeur-de-christophe-prudhomme-abstention","status":"publish","type":"post","link":"http:\/\/www.cgt-hopital-manosque.fr\/?p=8377","title":{"rendered":"23 juin 2020 &#8211; Le bulletin d&rsquo;humeur de Christophe Prudhomme &#8211; Abstention"},"content":{"rendered":"<p><a href=\"http:\/\/www.cgt-hopital-manosque.fr\/wp-content\/uploads\/2021\/06\/1364.-Christophe-Prudhomme-m\u00e9decin-urgentiste.jpg\"><img loading=\"lazy\" decoding=\"async\" src=\"http:\/\/www.cgt-hopital-manosque.fr\/wp-content\/uploads\/2021\/06\/1364.-Christophe-Prudhomme-m\u00e9decin-urgentiste.jpg\" alt=\"1364. Christophe Prudhomme, m\u00e9decin urgentiste\" width=\"680\" height=\"420\" class=\"aligncenter size-full wp-image-8378\" srcset=\"http:\/\/www.cgt-hopital-manosque.fr\/wp-content\/uploads\/2021\/06\/1364.-Christophe-Prudhomme-m\u00e9decin-urgentiste.jpg 680w, http:\/\/www.cgt-hopital-manosque.fr\/wp-content\/uploads\/2021\/06\/1364.-Christophe-Prudhomme-m\u00e9decin-urgentiste-300x185.jpg 300w\" sizes=\"(max-width: 680px) 100vw, 680px\" \/><\/a><\/p>\n<p><strong><\/p>\n<p style= \"text-align: justify;\">\nBulletin d&rsquo;humeur de la semaine\n<\/p>\n<p style= \"text-align: justify;\">\nAbstention\n<\/p>\n<p style= \"text-align: justify;\">\nEn m\u00e9decine, l\u2019abstention th\u00e9rapeutique est la cessation ou la non-initiation d\u2019un traitement dans trois situations : lorsque celui-ci est refus\u00e9 par un patient, qu\u2019il n\u2019est pas dans l\u2019int\u00e9r\u00eat du patient ou qu\u2019il correspond pour le patient \u00e0 un fardeau disproportionn\u00e9 par rapport au but vis\u00e9.\n<\/p>\n<p style= \"text-align: justify;\">\nLe d\u00e9c\u00e8s du patient peut \u00eatre une cons\u00e9quence de ce choix, cependant, contrairement \u00e0 l\u2019euthanasie, le d\u00e9c\u00e8s n\u2019est pas l\u2019objectif poursuivi.  Au regard de l\u2019abstention massive qui a caract\u00e9ris\u00e9 les derni\u00e8res \u00e9lections r\u00e9gionales et d\u00e9partementales, il est int\u00e9ressant de rechercher les analogies entre ces deux situations.\n<\/p>\n<p style= \"text-align: justify;\">\nLorsque le patient refuse un traitement, il faut un choix d\u00e9lib\u00e9r\u00e9 en ayant analys\u00e9 sa situation et pes\u00e9 le pour et le contre de l\u2019action. En ce qui concerne le domaine politique, il en va de m\u00eame dans la grande majorit\u00e9 des cas : ne pas se d\u00e9placer pour aller voter r\u00e9sulte bien d\u2019un choix r\u00e9fl\u00e9chi, m\u00eame de mani\u00e8re inconsciente, car le citoyen ne voit pas quel b\u00e9n\u00e9fice pourrait lui apporter son geste.\n<\/p>\n<p style= \"text-align: justify;\">\nLa question de l\u2019int\u00e9r\u00eat peut \u00eatre abord\u00e9e dans les deux acceptions du terme. Dans le sens de la curiosit\u00e9 ou de l\u2019attrait, nous ne pouvons que faire le constat que le d\u00e9bat politique actuel int\u00e9resse peu et que la confiance dans les femmes et les hommes politiques est aujourd\u2019hui au plus bas.\n<\/p>\n<p style= \"text-align: justify;\">\nQuand il s\u2019agit de l\u2019int\u00e9r\u00eat qui constitue un avantage, qui apporte quelque chose, l\u00e0 aussi, l\u2019\u00e9lecteur ne voit pas quel b\u00e9n\u00e9fice il peut tirer de son acte, alors il s\u2019en abstient.\n<\/p>\n<p style= \"text-align: justify;\">\nLe troisi\u00e8me terme est encore plus int\u00e9ressant. Il s\u2019agit de la disproportion entre l\u2019investissement que n\u00e9cessite l\u2019action d\u2019exercer son droit de vote et l\u2019objectif vis\u00e9 qui est que cela change quelque chose au quotidien du citoyen et r\u00e9ponde \u00e0 ses souhaits et aspirations.\n<\/p>\n<p style= \"text-align: justify;\">\nCar il ne s\u2019agit pas simplement de mettre un bulletin dans l\u2019urne mais bien de suivre et de s\u2019int\u00e9resser \u00e0 la vie de la cit\u00e9 et \u00e0 ceux qui l\u2019organisent, ce qui signifie du temps et un engagement. Le plus important semble enfin la cons\u00e9quence de ce choix. La question qui se pose aujourd\u2019hui est de savoir s\u2019il n\u2019est pas le chemin qui m\u00e8ne \u00e0 la mort de notre d\u00e9mocratie parlementaire fa\u00e7on 5e R\u00e9publique.\n<\/p>\n<p style= \"text-align: justify;\">\nDr Christophe Prudhomme\n<\/p>\n<p><\/strong><\/p>\n<p style= \"text-align: justify;\">\n","protected":false},"excerpt":{"rendered":"<p>Bulletin d&rsquo;humeur de la semaine Abstention En m\u00e9decine, l\u2019abstention th\u00e9rapeutique est la cessation ou la non-initiation d\u2019un traitement dans trois situations : lorsque celui-ci est refus\u00e9 par un patient, qu\u2019il n\u2019est pas dans l\u2019int\u00e9r\u00eat du patient ou qu\u2019il correspond pour le patient \u00e0 un fardeau disproportionn\u00e9 par rapport au but vis\u00e9. Le d\u00e9c\u00e8s du patient [&hellip;]<\/p>\n","protected":false},"author":1,"featured_media":0,"comment_status":"closed","ping_status":"closed","sticky":false,"template":"","format":"standard","meta":{"footnotes":""},"categories":[8],"tags":[],"views":1277,"_links":{"self":[{"href":"http:\/\/www.cgt-hopital-manosque.fr\/index.php?rest_route=\/wp\/v2\/posts\/8377"}],"collection":[{"href":"http:\/\/www.cgt-hopital-manosque.fr\/index.php?rest_route=\/wp\/v2\/posts"}],"about":[{"href":"http:\/\/www.cgt-hopital-manosque.fr\/index.php?rest_route=\/wp\/v2\/types\/post"}],"author":[{"embeddable":true,"href":"http:\/\/www.cgt-hopital-manosque.fr\/index.php?rest_route=\/wp\/v2\/users\/1"}],"replies":[{"embeddable":true,"href":"http:\/\/www.cgt-hopital-manosque.fr\/index.php?rest_route=%2Fwp%2Fv2%2Fcomments&post=8377"}],"version-history":[{"count":1,"href":"http:\/\/www.cgt-hopital-manosque.fr\/index.php?rest_route=\/wp\/v2\/posts\/8377\/revisions"}],"predecessor-version":[{"id":8379,"href":"http:\/\/www.cgt-hopital-manosque.fr\/index.php?rest_route=\/wp\/v2\/posts\/8377\/revisions\/8379"}],"wp:attachment":[{"href":"http:\/\/www.cgt-hopital-manosque.fr\/index.php?rest_route=%2Fwp%2Fv2%2Fmedia&parent=8377"}],"wp:term":[{"taxonomy":"category","embeddable":true,"href":"http:\/\/www.cgt-hopital-manosque.fr\/index.php?rest_route=%2Fwp%2Fv2%2Fcategories&post=8377"},{"taxonomy":"post_tag","embeddable":true,"href":"http:\/\/www.cgt-hopital-manosque.fr\/index.php?rest_route=%2Fwp%2Fv2%2Ftags&post=8377"}],"curies":[{"name":"wp","href":"https:\/\/api.w.org\/{rel}","templated":true}]}}