{"id":8385,"date":"2021-07-14T13:59:20","date_gmt":"2021-07-14T13:59:20","guid":{"rendered":"http:\/\/www.cgt-hopital-manosque.fr\/?p=8385"},"modified":"2021-07-14T13:59:20","modified_gmt":"2021-07-14T13:59:20","slug":"13-juillet-2021-vaccination-obligatoire-et-annonces-de-macron","status":"publish","type":"post","link":"http:\/\/www.cgt-hopital-manosque.fr\/?p=8385","title":{"rendered":"13 juillet 2021 &#8211; Vaccination obligatoire et annonces de Macron"},"content":{"rendered":"<p><a href=\"http:\/\/www.cgt-hopital-manosque.fr\/wp-content\/uploads\/2021\/07\/1366.-tract_federal_vaccination_13_07_2021.jpg\"><img loading=\"lazy\" decoding=\"async\" src=\"http:\/\/www.cgt-hopital-manosque.fr\/wp-content\/uploads\/2021\/07\/1366.-tract_federal_vaccination_13_07_2021.jpg\" alt=\"1366. tract_federal_vaccination_13_07_2021\" width=\"1241\" height=\"1754\" class=\"aligncenter size-full wp-image-8386\" srcset=\"http:\/\/www.cgt-hopital-manosque.fr\/wp-content\/uploads\/2021\/07\/1366.-tract_federal_vaccination_13_07_2021.jpg 1241w, http:\/\/www.cgt-hopital-manosque.fr\/wp-content\/uploads\/2021\/07\/1366.-tract_federal_vaccination_13_07_2021-212x300.jpg 212w, http:\/\/www.cgt-hopital-manosque.fr\/wp-content\/uploads\/2021\/07\/1366.-tract_federal_vaccination_13_07_2021-725x1024.jpg 725w\" sizes=\"(max-width: 1241px) 100vw, 1241px\" \/><\/a><\/p>\n<p><strong><\/p>\n<p style= \"text-align: justify;\">\nNous sommes interpell\u00e9s depuis ce matin par des personnels suite aux annonces d\u2019E. Macron d\u2019hier soir.<br \/>\nCertains nous font par de leur peur d\u2019\u00eatre sanctionn\u00e9 ou d\u2019\u00eatre licenci\u00e9. D\u2019autres nous expliquent qu\u2019ils d\u00e9missionneront si on les oblige \u00e0 se faire vacciner. D\u2019autres sont m\u00eame pr\u00eats \u00e0 changer de m\u00e9tier.\n<\/p>\n<p style= \"text-align: justify;\">\nSi on dit aux personnels non vaccin\u00e9s de rester chez eux, on ferme combien d\u2019\u00e9tablissements ?<br \/>\nSi on acc\u00e9l\u00e8re la fuite des personnels, que va-t-il se passer ?<br \/>\nSi on continue de multiplier les sujets de division et de tensions, dans quel \u00e9tat seront nos services \u00e0 terme ?<br \/>\nUne fois de plus c\u2019est honteux !<br \/>\nEt puis le syst\u00e8me de contr\u00f4le et de sanctions annonc\u00e9 n\u2019est pas r\u00e9aliste !<br \/>\nIls n\u2019auront jamais les moyens de le mettre en \u0153uvre !\n<\/p>\n<p style= \"text-align: justify;\">\nLe d\u00e9bat pour ou contre la vaccination est un d\u00e9bat clivant qui divise la soci\u00e9t\u00e9. Ce gouvernement met en \u0153uvre une division permanente des personnels sur la plupart des sujets, avec une mise en concurrence des \u00e9tablissements entre eux \u00e9galement, comme de l\u2019ensemble de la population.\n<\/p>\n<p style= \"text-align: justify;\">\nNe stigmatisons pas les gens qui ne veulent pas  se faire vacciner !<br \/>\nEt n\u2019opposons pas ceux qui sont vaccin\u00e9s et ceux qui ne le sont pas !\n<\/p>\n<p style= \"text-align: justify;\">\nLa vaccination doit \u00eatre accessible \u00e0 toute personne qui veut se faire vacciner !<br \/>\nMais chacun doit avoir le choix de le faire ou pas sans \u00eatre menac\u00e9 de sanctions, de licenciement ou d\u2019\u00eatre priv\u00e9s d\u2019acc\u00e8s \u00e0 la culture, aux spectacles, aux restaurants\u2026<br \/>\nDonnons les moyens \u00e0 nos \u00e9tablissements de fonctionner correctement !<br \/>\nEt donnons les moyens aux personnels de r\u00e9aliser leurs missions !\n<\/p>\n<p style= \"text-align: justify;\">\nMais attention ! La vaccination c\u2019est l\u2019arbre qui cache la for\u00eat. Derri\u00e8re il y a la r\u00e9forme des retraites et la suppression des r\u00e9gimes sp\u00e9ciaux sans oublier la r\u00e9forme de l\u2019assurance ch\u00f4mage, la casse du statut de la fonction publique, et la mise au pas des personnels (en alternant soumission librement consentie puis r\u00e9pression quand ils estiment que cela ne va pas assez vite). Leur objectif est de nous faire travailler plus, plus longtemps, et avec moins de droits.\n<\/p>\n<p style= \"text-align: justify;\">\nL\u2019autoritarisme montant n\u2019est pas une surprise, on l\u2019a vu venir depuis un bon moment, c\u2019est simplement qu\u2019ils poussent fort pour mettre en place un certain projet de soci\u00e9t\u00e9.\n<\/p>\n<p style= \"text-align: justify;\">\nPour nos adversaires, chaque crise est l\u2019occasion d\u2019acc\u00e9l\u00e9rer le processus. Et la division des travailleurs (et plus globalement des citoyens) est le meilleur moyen pour \u00e9viter d\u2019avoir en face d\u2019eux un rapport de force puissant.\n<\/p>\n<p style= \"text-align: justify;\">\nIl faut continuer \u00e0 se mobiliser dans les prochains jours, de mani\u00e8re solidaire, d\u00e9mocratique, sans rentrer dans les pi\u00e8ges de la division, et pour un autre projet de soci\u00e9t\u00e9.\n<\/p>\n<p style= \"text-align: justify;\">\nLes valeurs que nous d\u00e9fendons sont des valeurs collectives de solidarit\u00e9 ! Et pas l\u2019individualisme ! Parce que l\u2019individualisme, c\u2019est une petite partie de la soci\u00e9t\u00e9 qui s\u2019en sort, mais la grande majorit\u00e9 qui en souffre !\n<\/p>\n<p style= \"text-align: justify;\">\nNous continuerons \u00e0 nous mobiliser pour obtenir des effectifs suppl\u00e9mentaires, une am\u00e9lioration des conditions de travail, l\u2019abandon des restructurations en cours, renforcer les droits des personnels et pour un grand service public de sant\u00e9 et d\u2019action sociale !\n<\/p>\n<p style= \"text-align: justify;\">\n>> Ci-joint le tract de la F\u00e9d\u00e9ration CGT Sant\u00e9 et Action Sociale sur la vaccination obligatoire : <a href=\"http:\/\/www.cgt-hopital-manosque.fr\/wp-content\/uploads\/2021\/07\/1366.-tract_federal_vaccination_13_07_2021.pdf\">CLIQUER ICI<\/a>\n<\/p>\n<p><\/strong><\/p>\n<p style= \"text-align: justify;\">\n","protected":false},"excerpt":{"rendered":"<p>Nous sommes interpell\u00e9s depuis ce matin par des personnels suite aux annonces d\u2019E. Macron d\u2019hier soir. Certains nous font par de leur peur d\u2019\u00eatre sanctionn\u00e9 ou d\u2019\u00eatre licenci\u00e9. D\u2019autres nous expliquent qu\u2019ils d\u00e9missionneront si on les oblige \u00e0 se faire vacciner. D\u2019autres sont m\u00eame pr\u00eats \u00e0 changer de m\u00e9tier. Si on dit aux personnels non [&hellip;]<\/p>\n","protected":false},"author":1,"featured_media":0,"comment_status":"closed","ping_status":"closed","sticky":false,"template":"","format":"standard","meta":{"footnotes":""},"categories":[7],"tags":[],"views":1133,"_links":{"self":[{"href":"http:\/\/www.cgt-hopital-manosque.fr\/index.php?rest_route=\/wp\/v2\/posts\/8385"}],"collection":[{"href":"http:\/\/www.cgt-hopital-manosque.fr\/index.php?rest_route=\/wp\/v2\/posts"}],"about":[{"href":"http:\/\/www.cgt-hopital-manosque.fr\/index.php?rest_route=\/wp\/v2\/types\/post"}],"author":[{"embeddable":true,"href":"http:\/\/www.cgt-hopital-manosque.fr\/index.php?rest_route=\/wp\/v2\/users\/1"}],"replies":[{"embeddable":true,"href":"http:\/\/www.cgt-hopital-manosque.fr\/index.php?rest_route=%2Fwp%2Fv2%2Fcomments&post=8385"}],"version-history":[{"count":1,"href":"http:\/\/www.cgt-hopital-manosque.fr\/index.php?rest_route=\/wp\/v2\/posts\/8385\/revisions"}],"predecessor-version":[{"id":8388,"href":"http:\/\/www.cgt-hopital-manosque.fr\/index.php?rest_route=\/wp\/v2\/posts\/8385\/revisions\/8388"}],"wp:attachment":[{"href":"http:\/\/www.cgt-hopital-manosque.fr\/index.php?rest_route=%2Fwp%2Fv2%2Fmedia&parent=8385"}],"wp:term":[{"taxonomy":"category","embeddable":true,"href":"http:\/\/www.cgt-hopital-manosque.fr\/index.php?rest_route=%2Fwp%2Fv2%2Fcategories&post=8385"},{"taxonomy":"post_tag","embeddable":true,"href":"http:\/\/www.cgt-hopital-manosque.fr\/index.php?rest_route=%2Fwp%2Fv2%2Ftags&post=8385"}],"curies":[{"name":"wp","href":"https:\/\/api.w.org\/{rel}","templated":true}]}}