{"id":8389,"date":"2021-07-16T16:48:32","date_gmt":"2021-07-16T16:48:32","guid":{"rendered":"http:\/\/www.cgt-hopital-manosque.fr\/?p=8389"},"modified":"2021-07-16T16:48:32","modified_gmt":"2021-07-16T16:48:32","slug":"16-juillet-2021-pour-nos-libertes-rassemblement-samedi-17-juillet-2021-a-14h00-a-digne","status":"publish","type":"post","link":"http:\/\/www.cgt-hopital-manosque.fr\/?p=8389","title":{"rendered":"16 juillet 2021 &#8211; Pour nos libert\u00e9s, rassemblement samedi 17 juillet 2021 \u00e0 14h00 \u00e0 Digne"},"content":{"rendered":"<p><strong><\/p>\n<p style= \"text-align: justify;\">\nL&rsquo;USD CGT Sant\u00e9 et Action Sociale 04 appelle \u00e0 se mobiliser samedi \u00e0 14h00, place du G\u00e9n\u00e9ral de Gaulle \u00e0 Digne rejoignant la position de nombreuses autres organisations du d\u00e9partement.\n<\/p>\n<p style= \"text-align: justify;\">\n>> pour d\u00e9fendre nos libert\u00e9s dont le libre choix de se faire vacciner ou pas et contre la brutalit\u00e9 de la politique gouvernementale avec une \u00e9volution du r\u00e9gime en place toujours plus autoritaire.\n<\/p>\n<p style= \"text-align: justify;\">\nCi-joint le tract de l&rsquo;USD CGT 04 ainsi :\n<\/p>\n<p><\/strong><\/p>\n<p><a href=\"http:\/\/www.cgt-hopital-manosque.fr\/wp-content\/uploads\/2021\/07\/1367.-Rassemblement-samedi-17-juillet-libert\u00e9s.jpg\"><img loading=\"lazy\" decoding=\"async\" src=\"http:\/\/www.cgt-hopital-manosque.fr\/wp-content\/uploads\/2021\/07\/1367.-Rassemblement-samedi-17-juillet-libert\u00e9s.jpg\" alt=\"1367. Rassemblement samedi 17 juillet libert\u00e9s\" width=\"1240\" height=\"1754\" class=\"aligncenter size-full wp-image-8390\" srcset=\"http:\/\/www.cgt-hopital-manosque.fr\/wp-content\/uploads\/2021\/07\/1367.-Rassemblement-samedi-17-juillet-libert\u00e9s.jpg 1240w, http:\/\/www.cgt-hopital-manosque.fr\/wp-content\/uploads\/2021\/07\/1367.-Rassemblement-samedi-17-juillet-libert\u00e9s-212x300.jpg 212w, http:\/\/www.cgt-hopital-manosque.fr\/wp-content\/uploads\/2021\/07\/1367.-Rassemblement-samedi-17-juillet-libert\u00e9s-724x1024.jpg 724w\" sizes=\"(max-width: 1240px) 100vw, 1240px\" \/><\/a><\/p>\n<p style= \"text-align: justify;\">\n","protected":false},"excerpt":{"rendered":"<p>L&rsquo;USD CGT Sant\u00e9 et Action Sociale 04 appelle \u00e0 se mobiliser samedi \u00e0 14h00, place du G\u00e9n\u00e9ral de Gaulle \u00e0 Digne rejoignant la position de nombreuses autres organisations du d\u00e9partement. >> pour d\u00e9fendre nos libert\u00e9s dont le libre choix de se faire vacciner ou pas et contre la brutalit\u00e9 de la politique gouvernementale avec une [&hellip;]<\/p>\n","protected":false},"author":1,"featured_media":0,"comment_status":"closed","ping_status":"closed","sticky":false,"template":"","format":"standard","meta":{"footnotes":""},"categories":[7],"tags":[],"views":1170,"_links":{"self":[{"href":"http:\/\/www.cgt-hopital-manosque.fr\/index.php?rest_route=\/wp\/v2\/posts\/8389"}],"collection":[{"href":"http:\/\/www.cgt-hopital-manosque.fr\/index.php?rest_route=\/wp\/v2\/posts"}],"about":[{"href":"http:\/\/www.cgt-hopital-manosque.fr\/index.php?rest_route=\/wp\/v2\/types\/post"}],"author":[{"embeddable":true,"href":"http:\/\/www.cgt-hopital-manosque.fr\/index.php?rest_route=\/wp\/v2\/users\/1"}],"replies":[{"embeddable":true,"href":"http:\/\/www.cgt-hopital-manosque.fr\/index.php?rest_route=%2Fwp%2Fv2%2Fcomments&post=8389"}],"version-history":[{"count":1,"href":"http:\/\/www.cgt-hopital-manosque.fr\/index.php?rest_route=\/wp\/v2\/posts\/8389\/revisions"}],"predecessor-version":[{"id":8391,"href":"http:\/\/www.cgt-hopital-manosque.fr\/index.php?rest_route=\/wp\/v2\/posts\/8389\/revisions\/8391"}],"wp:attachment":[{"href":"http:\/\/www.cgt-hopital-manosque.fr\/index.php?rest_route=%2Fwp%2Fv2%2Fmedia&parent=8389"}],"wp:term":[{"taxonomy":"category","embeddable":true,"href":"http:\/\/www.cgt-hopital-manosque.fr\/index.php?rest_route=%2Fwp%2Fv2%2Fcategories&post=8389"},{"taxonomy":"post_tag","embeddable":true,"href":"http:\/\/www.cgt-hopital-manosque.fr\/index.php?rest_route=%2Fwp%2Fv2%2Ftags&post=8389"}],"curies":[{"name":"wp","href":"https:\/\/api.w.org\/{rel}","templated":true}]}}