{"id":8410,"date":"2021-07-28T05:15:46","date_gmt":"2021-07-28T05:15:46","guid":{"rendered":"http:\/\/www.cgt-hopital-manosque.fr\/?p=8410"},"modified":"2021-07-28T05:17:16","modified_gmt":"2021-07-28T05:17:16","slug":"28-juillet-2021-pour-dautres-choix-de-societe-rassemblement-samedi-31-juillet-a-14h00-a-sisteron","status":"publish","type":"post","link":"http:\/\/www.cgt-hopital-manosque.fr\/?p=8410","title":{"rendered":"28 juillet 2021 &#8211; Pour d&rsquo;autres choix de soci\u00e9t\u00e9 &#8211; Rassemblement samedi 31 juillet \u00e0 14h00 \u00e0 Sisteron"},"content":{"rendered":"<p><strong><\/p>\n<p style= \"text-align: justify;\">\n>> RASSEMBLEMENT SAMEDI 31 JUILLET \u00c0 14H00 \u00c0 SISTERON POUR NOS LIBERT\u00c9S ET NOS DROITS COLLECTIFS !\n<\/p>\n<p style= \"text-align: justify;\">\nBonjour,<br \/>\nQuand un  \u00e9tat se d\u00e9sengage de tout et n&rsquo;est plus responsable de rien alors il transf\u00e8re la responsabilit\u00e9 sur les individus et fait reposer la faute sur chaque travailleur. Ils veulent nous imposer un monde o\u00f9 chaque malade est responsable de sa maladie, chaque pauvre est responsable de sa pauvret\u00e9, chaque retrait\u00e9 est responsable de sa retraite&#8230; en totale opposition avec les principes de la s\u00e9curit\u00e9 sociale&#8230; en totale opposition avec notre mod\u00e8le social !\n<\/p>\n<p style= \"text-align: justify;\">\nIls ont \u00e9t\u00e9 incapables d&rsquo;obliger les grands groupes pharmaceutiques \u00e0 fournir un vaccin de qualit\u00e9, pour tous et partout, en toute transparence. Et l\u00e0 ils veulent obliger le peuple, par le chantage, en bafouant les principes constitutionnels, le code du travail et le statut de la fonction publique.\n<\/p>\n<p style= \"text-align: justify;\">\nOn a un Pr\u00e9sident qui en appelle \u00e0 l&rsquo;unit\u00e9 nationale, pourtant \u00e7a fait extr\u00eamement longtemps qu&rsquo;on n&rsquo;a pas vu un chef de l&rsquo;Etat donner autant de coups de canif dans l&rsquo;unit\u00e9 nationale !\n<\/p>\n<p style= \"text-align: justify;\">\nOn a un chef d&rsquo;Etat qui parle de doutes des citoyens qui manifestent, nous voyons surtout des certitudes de travailleurs, de citoyens qui aspirent clairement \u00e0 un autre monde, loin de celui qu&rsquo;ils essaient de nous imposer !\n<\/p>\n<p style= \"text-align: justify;\">\nSamedi dernier \u00e0 Forcalquier, on pouvait entendre :<br \/>\n&#8211; \u00ab\u00a0Je ne veux pas de ce monde l\u00e0 pour mes enfants !\u00a0\u00bb<br \/>\n&#8211; \u00ab\u00a0Plut\u00f4t que nous enlever nos libert\u00e9s les unes apr\u00e8s les autres, donnez les moyens \u00e0 notre syst\u00e8me de sant\u00e9 de fonctionner correctement !\u00a0\u00bb<br \/>\n\u00a0\u00bb Arr\u00eatez de fermer des lits hospitaliers et recrutez !\u00a0\u00bb<br \/>\n&#8211; ou encore \u00ab\u00a0Tu ob\u00e9is pour que \u00e7a s&rsquo;arr\u00eate, mais c&rsquo;est parce que tu ob\u00e9is que \u00e7a continue !\u00a0\u00bb\n<\/p>\n<p style= \"text-align: justify;\">\nCela donne une tendance de ce que pensaient les 1300 participants de cette mobilisation (nous \u00e9tions 1000 le samedi pr\u00e9c\u00e9dent \u00e0 Digne).\n<\/p>\n<p style= \"text-align: justify;\">\nIl y avait des personnels hospitaliers, des EHPAD, du social, des restauratrices, des travailleurs du spectacle, des \u00e9tudiants, des retrait\u00e9s, des familles, des vaccin\u00e9s, des non vaccin\u00e9s qui aspiraient \u00e0 autre chose.\n<\/p>\n<p style= \"text-align: justify;\">\nSoyons encore nombreuses et nombreux samedi \u00e0 14h00 \u00e0 Sisteron !<br \/>\nRestons debout !<br \/>\nContinuons le combat !<br \/>\nRestons unis et d\u00e9termin\u00e9s !\n<\/p>\n<p style= \"text-align: justify;\">\n>> Ci-joint le tract appelant \u00e0 la mobilisation de samedi 31 juillet \u00e0 Sisteron ( <a href=\"http:\/\/www.cgt-hopital-manosque.fr\/wp-content\/uploads\/2021\/07\/1370.-Tract-pour-le-31-juillet-2021-\u00e0-Sisteron-passe-sanitaire-vaccination-obligatoire.pdf\">CLIQUER ICI<\/a> )\n<\/p>\n<p style= \"text-align: justify;\">\n<a href=\"http:\/\/www.cgt-hopital-manosque.fr\/wp-content\/uploads\/2021\/07\/1370.-Tract-pour-le-31-juillet-2021-\u00e0-Sisteron-passe-sanitaire-vaccination-obligatoire.jpg\"><img loading=\"lazy\" decoding=\"async\" src=\"http:\/\/www.cgt-hopital-manosque.fr\/wp-content\/uploads\/2021\/07\/1370.-Tract-pour-le-31-juillet-2021-\u00e0-Sisteron-passe-sanitaire-vaccination-obligatoire.jpg\" alt=\"1370. Tract pour le 31 juillet 2021 \u00e0 Sisteron passe sanitaire, vaccination obligatoire\" width=\"1240\" height=\"1754\" class=\"aligncenter size-full wp-image-8411\" srcset=\"http:\/\/www.cgt-hopital-manosque.fr\/wp-content\/uploads\/2021\/07\/1370.-Tract-pour-le-31-juillet-2021-\u00e0-Sisteron-passe-sanitaire-vaccination-obligatoire.jpg 1240w, http:\/\/www.cgt-hopital-manosque.fr\/wp-content\/uploads\/2021\/07\/1370.-Tract-pour-le-31-juillet-2021-\u00e0-Sisteron-passe-sanitaire-vaccination-obligatoire-212x300.jpg 212w, http:\/\/www.cgt-hopital-manosque.fr\/wp-content\/uploads\/2021\/07\/1370.-Tract-pour-le-31-juillet-2021-\u00e0-Sisteron-passe-sanitaire-vaccination-obligatoire-724x1024.jpg 724w\" sizes=\"(max-width: 1240px) 100vw, 1240px\" \/><\/a>\n<\/p>\n<p style= \"text-align: justify;\">\n>> Pour voir l&rsquo;intervention de la CGT Sant\u00e9 et Action Sociale le 24 juillet 2021 \u00e0 la manif de Forcalquier cliquer sur ce lien : <a href=\"https:\/\/youtu.be\/fLKUijuxVow\"target=\"_blank\">CLIQUER ICI<\/a>\n<\/p>\n<p style= \"text-align: justify;\">\n>> Pour voir la compil de la manif, cliquer sur ce lien : <a href=\"https:\/\/youtu.be\/j3dW0IhrENs\"target=\"_blank\">CLIQUER ICI<\/a>\n<\/p>\n<p style= \"text-align: justify;\">\n>> Vous trouverez ci-dessous l&rsquo;article du journal \u00ab\u00a0La Provence\u00a0\u00bb du 25 juillet 2021 (cliquer sur l&rsquo;image pour agrandir) :<br \/>\n<a href=\"http:\/\/www.cgt-hopital-manosque.fr\/wp-content\/uploads\/2021\/07\/1370.-Article-La-Provence-manif-libert\u00e9s-Forcalquier-le-24-juillet-2021.jpg\"><img loading=\"lazy\" decoding=\"async\" src=\"http:\/\/www.cgt-hopital-manosque.fr\/wp-content\/uploads\/2021\/07\/1370.-Article-La-Provence-manif-libert\u00e9s-Forcalquier-le-24-juillet-2021.jpg\" alt=\"1370. Article La Provence manif libert\u00e9s Forcalquier le 24 juillet 2021\" width=\"1159\" height=\"1202\" class=\"aligncenter size-full wp-image-8413\" srcset=\"http:\/\/www.cgt-hopital-manosque.fr\/wp-content\/uploads\/2021\/07\/1370.-Article-La-Provence-manif-libert\u00e9s-Forcalquier-le-24-juillet-2021.jpg 1159w, http:\/\/www.cgt-hopital-manosque.fr\/wp-content\/uploads\/2021\/07\/1370.-Article-La-Provence-manif-libert\u00e9s-Forcalquier-le-24-juillet-2021-289x300.jpg 289w, http:\/\/www.cgt-hopital-manosque.fr\/wp-content\/uploads\/2021\/07\/1370.-Article-La-Provence-manif-libert\u00e9s-Forcalquier-le-24-juillet-2021-987x1024.jpg 987w\" sizes=\"(max-width: 1159px) 100vw, 1159px\" \/><\/a>\n<\/p>\n<p style= \"text-align: justify;\">\n>> Pour voir la vid\u00e9o de BFM DICI, cliquer sur ce lien : <a href=\"https:\/\/www.bfmtv.com\/bfm-dici\/replay-emissions\/bonsoir-dici-haute-provence\/forcalquier-plusieurs-centaines-de-manifestants-contre-le-pass-sanitaire_VN-202107240200.html\"target=\"_blank\">CLIQUER ICI<\/a><\/p>\n<p><\/strong><\/p>\n<p style= \"text-align: justify;\">\n","protected":false},"excerpt":{"rendered":"<p>>> RASSEMBLEMENT SAMEDI 31 JUILLET \u00c0 14H00 \u00c0 SISTERON POUR NOS LIBERT\u00c9S ET NOS DROITS COLLECTIFS ! Bonjour, Quand un \u00e9tat se d\u00e9sengage de tout et n&rsquo;est plus responsable de rien alors il transf\u00e8re la responsabilit\u00e9 sur les individus et fait reposer la faute sur chaque travailleur. Ils veulent nous imposer un monde o\u00f9 chaque [&hellip;]<\/p>\n","protected":false},"author":1,"featured_media":0,"comment_status":"closed","ping_status":"closed","sticky":false,"template":"","format":"standard","meta":{"footnotes":""},"categories":[7],"tags":[],"views":1227,"_links":{"self":[{"href":"http:\/\/www.cgt-hopital-manosque.fr\/index.php?rest_route=\/wp\/v2\/posts\/8410"}],"collection":[{"href":"http:\/\/www.cgt-hopital-manosque.fr\/index.php?rest_route=\/wp\/v2\/posts"}],"about":[{"href":"http:\/\/www.cgt-hopital-manosque.fr\/index.php?rest_route=\/wp\/v2\/types\/post"}],"author":[{"embeddable":true,"href":"http:\/\/www.cgt-hopital-manosque.fr\/index.php?rest_route=\/wp\/v2\/users\/1"}],"replies":[{"embeddable":true,"href":"http:\/\/www.cgt-hopital-manosque.fr\/index.php?rest_route=%2Fwp%2Fv2%2Fcomments&post=8410"}],"version-history":[{"count":3,"href":"http:\/\/www.cgt-hopital-manosque.fr\/index.php?rest_route=\/wp\/v2\/posts\/8410\/revisions"}],"predecessor-version":[{"id":8416,"href":"http:\/\/www.cgt-hopital-manosque.fr\/index.php?rest_route=\/wp\/v2\/posts\/8410\/revisions\/8416"}],"wp:attachment":[{"href":"http:\/\/www.cgt-hopital-manosque.fr\/index.php?rest_route=%2Fwp%2Fv2%2Fmedia&parent=8410"}],"wp:term":[{"taxonomy":"category","embeddable":true,"href":"http:\/\/www.cgt-hopital-manosque.fr\/index.php?rest_route=%2Fwp%2Fv2%2Fcategories&post=8410"},{"taxonomy":"post_tag","embeddable":true,"href":"http:\/\/www.cgt-hopital-manosque.fr\/index.php?rest_route=%2Fwp%2Fv2%2Ftags&post=8410"}],"curies":[{"name":"wp","href":"https:\/\/api.w.org\/{rel}","templated":true}]}}