{"id":8429,"date":"2021-08-18T18:50:25","date_gmt":"2021-08-18T18:50:25","guid":{"rendered":"http:\/\/www.cgt-hopital-manosque.fr\/?p=8429"},"modified":"2021-08-18T18:50:25","modified_gmt":"2021-08-18T18:50:25","slug":"18-aout-2021-la-colere-grandit-rassemblement-samedi-21-aout-a-14h00-a-chateau-arnoux","status":"publish","type":"post","link":"http:\/\/www.cgt-hopital-manosque.fr\/?p=8429","title":{"rendered":"18 ao\u00fbt 2021 &#8211; La col\u00e8re grandit &#8211; Rassemblement samedi 21 ao\u00fbt \u00e0 14h00 \u00e0 Ch\u00e2teau-Arnoux"},"content":{"rendered":"<p><strong><\/p>\n<p style= \"text-align: justify;\">\nLe constat actuel est sans appel : aujourd&rsquo;hui plus personne ne nous prot\u00e8ge !<br \/>\nLes recommandations de la CNIL et du d\u00e9fenseur des droits ont \u00e9t\u00e9 jet\u00e9es \u00e0 la poubelle. L&rsquo;avis du conseil constitutionnel est un torchon.<br \/>\nEt on a la loi du 5 ao\u00fbt 2021 qui est un v\u00e9ritable oxymore.<br \/>\nCette loi contredit des dispositions l\u00e9gales du code du travail, contredit des dispositions de la Loi de 1983 sur les droits et obligations des fonctionnaires et contredit ce qui est dit dans le code de la sant\u00e9 publique sur le libre choix, le consentement et les vaccins obligatoires des soignants. Sans oublier les discriminations au regard de l&rsquo;\u00e9tat de sant\u00e9 !<br \/>\nMais comment vont se comporter les juridictions pour interpr\u00e9ter cela ? On n&rsquo;en sait rien !<br \/>\nOn ne pensait pas que le Conseil Constitutionnel allait valider le fait qu&rsquo;il fallait \u00eatre en bonne sant\u00e9 pour entrer \u00e0 l&rsquo;h\u00f4pital. Et pourtant, il l&rsquo;a fait !<br \/>\nIl y a quand m\u00eame d\u00e9j\u00e0 des failles dans ce texte qu&rsquo;il faut exploiter. De nombreux avocats y travaillent.<br \/>\nPar exemple, il faut interpeller le chef de service dans lequel le patient veut se rendre, et s&rsquo;il n&rsquo;est pas l\u00e0, interpeller le cadre de sant\u00e9 du service pour demander d&rsquo;\u00eatre exon\u00e9r\u00e9 du passe sanitaire \u00e0 partir du moment o\u00f9 le fait de ne pas acc\u00e9der \u00e0 ton RDV pourrait avoir des cons\u00e9quences sur ton \u00e9tat de sant\u00e9. C&rsquo;est une info qui ne circule pas assez et c&rsquo;est \u00e0 faire conna\u00eetre.\n<\/p>\n<p style= \"text-align: justify;\">\nEnsuite, les d\u00e9rogations au passe sanitaire ne concernent que les centres qui accueillent des enfants. Tu as ta m\u00e8re en EHPAD qui est en train de mourir \u00e0 l&rsquo;h\u00f4pital, tu ne peux pas aller la voir. Ou ton conjoint est en phase terminale d&rsquo;un cancer, tu n&rsquo;as pas le droit d&rsquo;aller le voir. Bienvenue en France en 2021 ! C&rsquo;est surr\u00e9aliste !\n<\/p>\n<p style= \"text-align: justify;\">\nLe conseil constitutionnel a d\u00e9cid\u00e9 de placer la crise sanitaire au dessus de toutes nos libert\u00e9s fondamentales (libert\u00e9 de circuler, de travailler, de se r\u00e9unir, syndicale etc&#8230;). C&rsquo;est un choix politique !<br \/>\nEt on en arrive \u00e0 des situations folles o\u00f9 on ne peut plus voir son conjoint en train de mourir sous pr\u00e9texte qu&rsquo;il serait dangereux alors que c&rsquo;est sa femme qui meurt. Des femmes enceintes nous disaient r\u00e9cemment qu&rsquo;on leur a refus\u00e9 l&rsquo;acc\u00e8s \u00e0 la consultation m\u00e9dicale relatif au suivi de leur grossesse, et deux d&rsquo;entre elles envisagent m\u00eame d&rsquo;accoucher \u00e0 la maison.<br \/>\nAu niveau juridique, il faut tenter tous les recours possibles m\u00eame si \u00e7a va \u00eatre compliqu\u00e9. La justice est d\u00e9boussol\u00e9e par cette situation totalement folle, les avocats ont perdu leurs rep\u00e8res habituels, et il est extr\u00eamement difficile de faire des pr\u00e9dictions. Ce gouvernement d\u00e9boussole m\u00eame ses relais sur le terrain puisque nous avons rencontr\u00e9 l&rsquo;ARS et la Pr\u00e9fecture ces derniers jours, on les a senti paum\u00e9s !\n<\/p>\n<p style= \"text-align: justify;\">\nDans cette p\u00e9riode trouble et arbitraire, on voit se d\u00e9velopper partout des gestions \u00e0 la carte avec de l&rsquo;arbitraire \u00e0 tous les niveaux. Par exemple, on voit des directions d&rsquo;\u00e9tablissements appliqu\u00e9es \u00e0 la lettre la loi du 5 ao\u00fbt&#8230; on voit des directions aller au del\u00e0 de la loi en faisant du z\u00e8le et en \u00e9tant plus dure que ce pr\u00e9voit la loi&#8230; et on voit des directions ne pas l&rsquo;appliquer (pour diff\u00e9rentes raisons, quelques unes par conviction, et d&rsquo;autres par peur de manquer de personnels).\n<\/p>\n<p style= \"text-align: justify;\">\nDans de nombreux \u00e9tablissements nous voyons des agents de s\u00e9curit\u00e9 non vaccin\u00e9s qui contr\u00f4lent les gens pour savoir s&rsquo;ils sont vaccin\u00e9s ou pas. Chercher l&rsquo;erreur ! Hier un agent de s\u00e9curit\u00e9 de mon \u00e9tablissement disait \u00e0 une soignante syndiqu\u00e9e qu&rsquo;il a peur de se faire vacciner alors qu&rsquo;il est l\u00e0 pour contr\u00f4ler. Une soignante des Urgences me disait aujourd&rsquo;hui : \u00ab\u00a0\u00e7a fait des ann\u00e9es qu&rsquo;on demande un agent de s\u00e9curit\u00e9 aux Urgences, ils nous disent que ce n&rsquo;est pas possible, qu&rsquo;il n&rsquo;y a pas d&rsquo;argent, et l\u00e0 ils mettent des agents de s\u00e9curit\u00e9 partout, on se fout de nous !\u00a0\u00bb\n<\/p>\n<p style= \"text-align: justify;\">\nCes derniers jours le Pr\u00e9fet de Guadeloupe faisait une conf\u00e9rence de presse avec la directrice  de l&rsquo;ARS. Juste avant la conf\u00e9rence de presse, les micros \u00e9taient ouverts, et la sc\u00e8ne \u00e9tait film\u00e9e. Ils pr\u00e9paraient leur intervention \u00e0 la mani\u00e8re d&rsquo;un sketch, en disant nous allons prendre un ton catastrophique, dramatique, il faut vraiment que les gens aient peur&#8230; Ils prennent vraiment les gens pour des pantins manipulables ! Ces gens l\u00e0 sont cens\u00e9s \u00eatre l\u00e0 pour nous prot\u00e9ger ! Quand les populations ne peuvent plus faire confiance aux autorit\u00e9s, on fait comment ? C&rsquo;est l\u00e0 que \u00e7a peut partir dans tous les sens, y compris dans les th\u00e8ses les plus farfelues.<br \/>\nC&rsquo;est usant cette pens\u00e9e unique au travers d&rsquo;une propagande ultra clivante, culpabilisante et d\u00e9stabilisante !\n<\/p>\n<p style= \"text-align: justify;\">\nEn ce moment, ils mettent en \u0153uvre des \u00ab\u00a0Plans Blancs\u00a0\u00bb dans les h\u00f4pitaux alors que la situation ne le n\u00e9cessite pas. On a l&rsquo;impression qu&rsquo;il s&rsquo;agit surtout d&#8217;emp\u00eacher tout mouvement de gr\u00e8ve et de contestation. Tout est bon pour nous priv\u00e9s de nos libert\u00e9s fondamentales. Le droit de gr\u00e8ve dans les h\u00f4pitaux est extr\u00eamement entrav\u00e9, et pourtant cela ne leur convient encore pas, puisque le ministre de la sant\u00e9 a expliqu\u00e9 ces derniers jours : \u00ab\u00a0qu&rsquo;il y aura un temps o\u00f9 les personnels n&rsquo;auront plus le droit de faire gr\u00e8ve\u00a0\u00bb. Quel m\u00e9pris !<br \/>\nViendra un temps o\u00f9 ces gens l\u00e0 n&rsquo;auront plus le loisir de nous traiter comme du b\u00e9tail !\n<\/p>\n<p>En parlant d&rsquo;obligation, n&rsquo;oublions pas que les infirmi\u00e8res ont obligation d&rsquo;adh\u00e9rer \u00e0 l&rsquo;Ordre National Infirmier depuis plusieurs ann\u00e9es sans quoi elle ne peuvent pas exercer. A ce jour, la majorit\u00e9 des infirmi\u00e8res que je connais ont toujours refus\u00e9 d&rsquo;adh\u00e9rer \u00e0 l&rsquo;Ordre infirmier, et elle continue quand m\u00eame d&rsquo;exercer. C&rsquo;est une question de rapport de force et d&rsquo;incoh\u00e9rence (ou pas) d&rsquo;une obligation. Il faut aussi l&rsquo;avoir \u00e0 l&rsquo;esprit dans cette p\u00e9riode d&rsquo;obligation \u00e0 marche forc\u00e9e.\n<\/p>\n<p style= \"text-align: justify;\">\nSur Manosque, la moiti\u00e9 des personnels ne sont pas vaccin\u00e9s. Une partie importante des m\u00e9decins ne l&rsquo;est pas \u00e9galement contrairement \u00e0 ce qui est v\u00e9hicul\u00e9 par certains cadres. C&rsquo;est leur choix ! Des tensions commencent \u00e0 monter en interne dans les r\u00e9unions de crise !\n<\/p>\n<p style= \"text-align: justify;\">\nEnfin, \u00e0 c\u00f4t\u00e9 de la riposte juridique, il nous faut \u00e9galement faire grandir la mobilisation. C&rsquo;est pourquoi, il faut continuer \u00e0 se mobiliser partout, en prenant en compte chaque r\u00e9alit\u00e9 territoriale. Dans chaque d\u00e9partement, la situation est diff\u00e9rente, les forces en pr\u00e9sence sont diff\u00e9rentes, et forc\u00e9ment notre strat\u00e9gie doit aussi tenir compte du contexte local.\n<\/p>\n<p style= \"text-align: justify;\">\nIl faudrait appeler \u00e0 une grande mobilisation nationale le 14 septembre et \u00e0 pousser les agents \u00e0 se mettre en gr\u00e8ve partout !<br \/>\nIl faut \u00e9largir fortement sur la question des moyens dans notre secteur d&rsquo;activit\u00e9. C&rsquo;est un sujet sur lequel on a gagn\u00e9 la bataille des id\u00e9es. Il faut continuer \u00e0 appuyer dessus.  A l&rsquo;urgence sanitaire, il ne faut pas une r\u00e9ponse s\u00e9curitaire, il y a besoin d&rsquo;une r\u00e9ponse en termes de moyens et de financement !\n<\/p>\n<p style= \"text-align: justify;\">\nIl faut continuer \u00e0 faire pression sur les D\u00e9put\u00e9s et \u00e0 maintenir partout la pression !<br \/>\nDe nombreux D\u00e9put\u00e9s ont vot\u00e9 cette loi, il faut le faire conna\u00eetre. D&rsquo;autres n&rsquo;\u00e9taient pas l\u00e0, ils avaient piscine, il faut le faire conna\u00eetre \u00e9galement ! D&rsquo;autres ont vot\u00e9 des \u00e9conomies massives dans les h\u00f4pitaux fin 2020, que vont-ils faire fin 2021 ? Il faut des engagements de leur part !\n<\/p>\n<p style= \"text-align: justify;\">\nLes routiers parlent de rentrer dans la mobilisation, c&rsquo;est une bonne chose, car ils ont la possibilit\u00e9 de mettre en place un rapport de force rapide et puissant.\n<\/p>\n<p style= \"text-align: justify;\">\nMardi 24 ao\u00fbt, nous avons une grande r\u00e9union r\u00e9gionale avec tous les principaux syndicats CGT Sant\u00e9 et Action Sociale PACA. Il sera question d&rsquo;affiner notre strat\u00e9gie revendicative en termes de luttes mais \u00e9galement de riposte juridique \u00e0 apporter. Jeudi 26 ao\u00fbt, nous participerons \u00e0 la r\u00e9union nationale sur la strat\u00e9gie des luttes afin de se coordonner et d&rsquo;am\u00e9liorer l&rsquo;efficacit\u00e9 de nos actions.\n<\/p>\n<p style= \"text-align: justify;\">\nDans l&rsquo;imm\u00e9diat, soyons nombreuses et nombreux samedi 21 ao\u00fbt \u00e0 Ch\u00e2teau-Arnoux devant le monument pacifiste !<br \/>\nOn l\u00e2che rien !\n<\/p>\n<p style= \"text-align: justify;\">\n>> Ci-joint le tract appelant \u00e0 se mobiliser samedi 21 ao\u00fbt \u00e0 Ch\u00e2teau-Arnoux :<br \/>\n<a href=\"http:\/\/www.cgt-hopital-manosque.fr\/wp-content\/uploads\/2021\/08\/1372.-Tract-USD-CGT-Sant\u00e9-04-passe-sanitaire-21-ao\u00fbt-2021.jpg\"><img loading=\"lazy\" decoding=\"async\" src=\"http:\/\/www.cgt-hopital-manosque.fr\/wp-content\/uploads\/2021\/08\/1372.-Tract-USD-CGT-Sant\u00e9-04-passe-sanitaire-21-ao\u00fbt-2021.jpg\" alt=\"1372. Tract USD CGT Sant\u00e9 04 passe sanitaire 21 ao\u00fbt 2021\" width=\"1240\" height=\"1754\" class=\"aligncenter size-full wp-image-8430\" srcset=\"http:\/\/www.cgt-hopital-manosque.fr\/wp-content\/uploads\/2021\/08\/1372.-Tract-USD-CGT-Sant\u00e9-04-passe-sanitaire-21-ao\u00fbt-2021.jpg 1240w, http:\/\/www.cgt-hopital-manosque.fr\/wp-content\/uploads\/2021\/08\/1372.-Tract-USD-CGT-Sant\u00e9-04-passe-sanitaire-21-ao\u00fbt-2021-212x300.jpg 212w, http:\/\/www.cgt-hopital-manosque.fr\/wp-content\/uploads\/2021\/08\/1372.-Tract-USD-CGT-Sant\u00e9-04-passe-sanitaire-21-ao\u00fbt-2021-724x1024.jpg 724w\" sizes=\"(max-width: 1240px) 100vw, 1240px\" \/><\/a>\n<\/p>\n<p style= \"text-align: justify;\">\n>> Ci-joint l&rsquo;affiche du collectif d\u00e9partemental pour la marche des libert\u00e9s :<br \/>\n<a href=\"http:\/\/www.cgt-hopital-manosque.fr\/wp-content\/uploads\/2021\/08\/1372.-Affiche-pour-le-21-ao\u00fbt-2021.jpg\"><img loading=\"lazy\" decoding=\"async\" src=\"http:\/\/www.cgt-hopital-manosque.fr\/wp-content\/uploads\/2021\/08\/1372.-Affiche-pour-le-21-ao\u00fbt-2021.jpg\" alt=\"1372. Affiche pour le 21 ao\u00fbt 2021\" width=\"536\" height=\"692\" class=\"aligncenter size-full wp-image-8431\" srcset=\"http:\/\/www.cgt-hopital-manosque.fr\/wp-content\/uploads\/2021\/08\/1372.-Affiche-pour-le-21-ao\u00fbt-2021.jpg 536w, http:\/\/www.cgt-hopital-manosque.fr\/wp-content\/uploads\/2021\/08\/1372.-Affiche-pour-le-21-ao\u00fbt-2021-232x300.jpg 232w\" sizes=\"(max-width: 536px) 100vw, 536px\" \/><\/a>\n<\/p>\n<p style= \"text-align: justify;\">\n>> Ci-joint l&rsquo;article de La Provence du 8 ao\u00fbt : <a href=\"http:\/\/www.cgt-hopital-manosque.fr\/wp-content\/uploads\/2021\/08\/1372.-La-provence-du-8-ao\u00fbt-2021.pdf\">CLIQUER  ICI<\/a>\n<\/p>\n<p style= \"text-align: justify;\">\n>> Ci-joint l&rsquo;article de La Provence du 15 ao\u00fbt :<br \/>\n<a href=\"http:\/\/www.cgt-hopital-manosque.fr\/wp-content\/uploads\/2021\/08\/1372.-La-Provence-du-15-ao\u00fbt-partie-1.jpg\"><img loading=\"lazy\" decoding=\"async\" src=\"http:\/\/www.cgt-hopital-manosque.fr\/wp-content\/uploads\/2021\/08\/1372.-La-Provence-du-15-ao\u00fbt-partie-1.jpg\" alt=\"1372. La Provence du 15 ao\u00fbt partie 1\" width=\"1718\" height=\"1205\" class=\"aligncenter size-full wp-image-8433\" srcset=\"http:\/\/www.cgt-hopital-manosque.fr\/wp-content\/uploads\/2021\/08\/1372.-La-Provence-du-15-ao\u00fbt-partie-1.jpg 1718w, http:\/\/www.cgt-hopital-manosque.fr\/wp-content\/uploads\/2021\/08\/1372.-La-Provence-du-15-ao\u00fbt-partie-1-300x210.jpg 300w, http:\/\/www.cgt-hopital-manosque.fr\/wp-content\/uploads\/2021\/08\/1372.-La-Provence-du-15-ao\u00fbt-partie-1-1024x718.jpg 1024w\" sizes=\"(max-width: 1718px) 100vw, 1718px\" \/><\/a><\/p>\n<p><a href=\"http:\/\/www.cgt-hopital-manosque.fr\/wp-content\/uploads\/2021\/08\/1372.-La-Provence-du-15-ao\u00fbt-partie-2.jpg\"><img loading=\"lazy\" decoding=\"async\" src=\"http:\/\/www.cgt-hopital-manosque.fr\/wp-content\/uploads\/2021\/08\/1372.-La-Provence-du-15-ao\u00fbt-partie-2.jpg\" alt=\"1372. La Provence du 15 ao\u00fbt partie 2\" width=\"1718\" height=\"1205\" class=\"aligncenter size-full wp-image-8434\" srcset=\"http:\/\/www.cgt-hopital-manosque.fr\/wp-content\/uploads\/2021\/08\/1372.-La-Provence-du-15-ao\u00fbt-partie-2.jpg 1718w, http:\/\/www.cgt-hopital-manosque.fr\/wp-content\/uploads\/2021\/08\/1372.-La-Provence-du-15-ao\u00fbt-partie-2-300x210.jpg 300w, http:\/\/www.cgt-hopital-manosque.fr\/wp-content\/uploads\/2021\/08\/1372.-La-Provence-du-15-ao\u00fbt-partie-2-1024x718.jpg 1024w\" sizes=\"(max-width: 1718px) 100vw, 1718px\" \/><\/a>\n<\/p>\n<p style= \"text-align: justify;\">\n> Pour voir la vid\u00e9o de BFM DICI, cliquer sur ce lien : <a href=\"https:\/\/www.bfmtv.com\/bfm-dici\/replay-emissions\/bonjour-dici\/plus-d-un-millier-de-personnes-ont-manifeste-a-manosque-contre-le-pass-sanitaire-samed_VN-202108080045.htm\"target=\"_blank\">CLIQUER ICI<\/a>\n<\/p>\n<p style= \"text-align: justify;\">\n>> Pour voir l&rsquo;article de Haute Provence Info, cliquer sur ce lien : <a href=\"http:\/\/www.hauteprovenceinfo.com\/article-35434-rencontre-entre-l-ars-la-prefecture-et-la-cgt-sante-04.html?fbclid=IwAR2GKoalB6llzT1FkDk2zFrTKgAAGvNuftSnA005c9hpfxjg_o4AOBR9EGM\"target=\"_blank\">CLIQUER ICI<\/a><\/p>\n<p style= \"text-align: justify;\">\n>> Pour voir l&rsquo;article de Radio Alpes 1, cliquer sur ce lien :<br \/>\n<a href=\"https:\/\/alpesdusud.alpes1.com\/news\/alpes-de-haute-provence\/90661\/alpes-de-haute-provence-rencontre-entre-l-ars-la-prefecture-et-la-cgt-sante-04\"target=\"_blank\">CLIQUER ICI<\/a>\n<\/p>\n<p><\/strong><\/p>\n<p style= \"text-align: justify;\">\n","protected":false},"excerpt":{"rendered":"<p>Le constat actuel est sans appel : aujourd&rsquo;hui plus personne ne nous prot\u00e8ge ! Les recommandations de la CNIL et du d\u00e9fenseur des droits ont \u00e9t\u00e9 jet\u00e9es \u00e0 la poubelle. L&rsquo;avis du conseil constitutionnel est un torchon. Et on a la loi du 5 ao\u00fbt 2021 qui est un v\u00e9ritable oxymore. Cette loi contredit des [&hellip;]<\/p>\n","protected":false},"author":1,"featured_media":0,"comment_status":"closed","ping_status":"closed","sticky":false,"template":"","format":"standard","meta":{"footnotes":""},"categories":[7],"tags":[],"views":1263,"_links":{"self":[{"href":"http:\/\/www.cgt-hopital-manosque.fr\/index.php?rest_route=\/wp\/v2\/posts\/8429"}],"collection":[{"href":"http:\/\/www.cgt-hopital-manosque.fr\/index.php?rest_route=\/wp\/v2\/posts"}],"about":[{"href":"http:\/\/www.cgt-hopital-manosque.fr\/index.php?rest_route=\/wp\/v2\/types\/post"}],"author":[{"embeddable":true,"href":"http:\/\/www.cgt-hopital-manosque.fr\/index.php?rest_route=\/wp\/v2\/users\/1"}],"replies":[{"embeddable":true,"href":"http:\/\/www.cgt-hopital-manosque.fr\/index.php?rest_route=%2Fwp%2Fv2%2Fcomments&post=8429"}],"version-history":[{"count":1,"href":"http:\/\/www.cgt-hopital-manosque.fr\/index.php?rest_route=\/wp\/v2\/posts\/8429\/revisions"}],"predecessor-version":[{"id":8435,"href":"http:\/\/www.cgt-hopital-manosque.fr\/index.php?rest_route=\/wp\/v2\/posts\/8429\/revisions\/8435"}],"wp:attachment":[{"href":"http:\/\/www.cgt-hopital-manosque.fr\/index.php?rest_route=%2Fwp%2Fv2%2Fmedia&parent=8429"}],"wp:term":[{"taxonomy":"category","embeddable":true,"href":"http:\/\/www.cgt-hopital-manosque.fr\/index.php?rest_route=%2Fwp%2Fv2%2Fcategories&post=8429"},{"taxonomy":"post_tag","embeddable":true,"href":"http:\/\/www.cgt-hopital-manosque.fr\/index.php?rest_route=%2Fwp%2Fv2%2Ftags&post=8429"}],"curies":[{"name":"wp","href":"https:\/\/api.w.org\/{rel}","templated":true}]}}