{"id":8440,"date":"2021-08-26T20:09:13","date_gmt":"2021-08-26T20:09:13","guid":{"rendered":"http:\/\/www.cgt-hopital-manosque.fr\/?p=8440"},"modified":"2021-08-27T11:58:02","modified_gmt":"2021-08-27T11:58:02","slug":"27-aout-2021-evitons-leffondrement-qui-se-prepare-rassemblement-samedi-28-aout-a-14h00-a-oraison","status":"publish","type":"post","link":"http:\/\/www.cgt-hopital-manosque.fr\/?p=8440","title":{"rendered":"27 ao\u00fbt 2021 &#8211; \u00c9vitons l&rsquo;effondrement qui se pr\u00e9pare &#8211; Rassemblement samedi 28 ao\u00fbt \u00e0 14h00 \u00e0 Oraison"},"content":{"rendered":"<p><strong><\/p>\n<p style= \"text-align: justify;\">\nVaccin\u00e9s, non vaccin\u00e9s, professionnels, citoyens : Tous ensemble pour la d\u00e9fense de l\u2019h\u00f4pital, pour la d\u00e9fense de l\u2019acc\u00e8s aux soins, pour la d\u00e9fense de nos droits et libert\u00e9s !\n<\/p>\n<p style= \"text-align: justify;\">\nNous sommes face \u00e0 un pouvoir irresponsable qui fait peser sur nos t\u00eates un risque d\u2019effondrement du syst\u00e8me de sant\u00e9.<br \/>\nC\u2019est la responsabilit\u00e9 du gouvernement de permettre l\u2019acc\u00e8s aux soins pour tous !<br \/>\nL\u00e0, ils sont sur la d\u00e9marche inverse avec un passe sanitaire limitant l\u2019acc\u00e8s aux soins et fragilisant fortement l\u2019ensemble du syst\u00e8me !\n<\/p>\n<p style= \"text-align: justify;\">\nOn n\u2019a jamais autant manqu\u00e9 de personnels, et on l\u2019a vu cet \u00e9t\u00e9 !<br \/>\nDe nombreux services d\u2019urgences ont ferm\u00e9 la nuit cet \u00e9t\u00e9 par manque de personnels.<br \/>\nEt l\u00e0, la majorit\u00e9 pr\u00e9sidentielle va fortement aggraver ce probl\u00e8me avec un effet \u00ab domino \u00bb s\u2019ils campent sur leur position.<br \/>\nC\u2019est gravissime ce qu\u2019ils font !<br \/>\nDe nombreuses directions d\u2019\u00e9tablissements se pr\u00e9parent \u00e0 des fermetures massives de services dans la r\u00e9gion, \u00e0 tel point qu\u2019ils sont en train de pr\u00e9parer des sc\u00e9narios catastrophes avec une entraide r\u00e9gionale et des transferts de patients \u00e0 partir du 15 septembre.<br \/>\nIl faut les faire revenir \u00e0 la raison, ils jouent avec la vie des gens !<br \/>\nAucun patient ne doit \u00eatre priv\u00e9 de l\u2019acc\u00e8s aux soins !<br \/>\nIl faut qu\u2019ils stoppent leur passe sanitaire et toutes les mesures liberticides !\n<\/p>\n<p style= \"text-align: justify;\">\nEnsuite, le second probl\u00e8me, mais qui est directement li\u00e9 au risque d\u2019effondrement du syst\u00e8me, c\u2019est l\u2019augmentation des pressions pour faire craquer les personnels. C\u2019est totalement inacceptable ! Les mesures autoritaires du gouvernement sont la goutte d\u2019eau qui fait d\u00e9border le vase.<br \/>\nIl faut convaincre et non contraindre ! Ils ont au contraire fait le choix du \u00ab pistolet sur la tempe \u00bb. Castex est encore intervenu pour menacer les personnels.<br \/>\nNon au syst\u00e8me r\u00e9pressif et autoritaire qui se met en place dans tous nos \u00e9tablissements !<br \/>\nIl faut stopper \u00e9galement le manque voire l\u2019absence de d\u00e9mocratie sur la prise de d\u00e9cision et sur la mise en \u0153uvre !<br \/>\nOn ne peut pas se permettre de perdre un seul personnel actuellement au regard de l\u2019activit\u00e9 importante et de l\u2019\u00e9tat d\u2019extr\u00eame tension de notre secteur.<br \/>\nDans un pays o\u00f9 il y a plusieurs millions de ch\u00f4meurs, il est intol\u00e9rable d\u2019interdire \u00e0 des personnes de travailler !<br \/>\nAucun coll\u00e8gue ne doit \u00eatre suspendu !<br \/>\nAucun coll\u00e8gue ne doit \u00eatre priv\u00e9 de son salaire !\n<\/p>\n<p style= \"text-align: justify;\">\nAvec leur politique, il n\u2019y a que des perdants :<br \/>\n&#8211; Les personnels qui vont d\u00e9missionner ou qui pourraient \u00eatre suspendus<br \/>\n&#8211; Les personnels qui vont rester et qui vont voir leurs conditions de travail fortement se d\u00e9grader<br \/>\n&#8211; Les patients \u00e0 qui on interdit l\u2019acc\u00e8s \u00e0 l\u2019h\u00f4pital au travers du passe sanitaire et ceux qui vont subir des fermetures de services.\n<\/p>\n<p style= \"text-align: justify;\">\nFoutez la paix aux personnels et laissez-les travailler !<br \/>\nDonnez des moyens \u00e0 nos services de fonctionner avec des effectifs en nombre suffisant !<br \/>\nRenforcez les moyens pour les services de sant\u00e9 au travail !<br \/>\nRouvrez des lits et notamment des lits de r\u00e9animation !<br \/>\nPermettez \u00e0 celles et ceux qui sont malades d\u2019\u00eatre soign\u00e9s !\n<\/p>\n<p style= \"text-align: justify;\">\nContinuons \u00e0 nous mobiliser !\n<\/p>\n<p style= \"text-align: justify;\">\n>> Ci-joint l\u2019affiche appelant \u00e0 se mobiliser le samedi 28 ao\u00fbt \u00e0 14h00 \u00e0 Oraison :<br \/>\n<a href=\"http:\/\/www.cgt-hopital-manosque.fr\/wp-content\/uploads\/2021\/08\/1374.-Affiche-pour-le-28-ao\u00fbt-2021.jpg\"><img loading=\"lazy\" decoding=\"async\" src=\"http:\/\/www.cgt-hopital-manosque.fr\/wp-content\/uploads\/2021\/08\/1374.-Affiche-pour-le-28-ao\u00fbt-2021.jpg\" alt=\"1374. Affiche pour le 28 ao\u00fbt 2021\" width=\"321\" height=\"415\" class=\"aligncenter size-full wp-image-8441\" srcset=\"http:\/\/www.cgt-hopital-manosque.fr\/wp-content\/uploads\/2021\/08\/1374.-Affiche-pour-le-28-ao\u00fbt-2021.jpg 321w, http:\/\/www.cgt-hopital-manosque.fr\/wp-content\/uploads\/2021\/08\/1374.-Affiche-pour-le-28-ao\u00fbt-2021-232x300.jpg 232w\" sizes=\"(max-width: 321px) 100vw, 321px\" \/><\/a>\n<\/p>\n<p><\/strong><\/p>\n<p style= \"text-align: justify;\">\n","protected":false},"excerpt":{"rendered":"<p>Vaccin\u00e9s, non vaccin\u00e9s, professionnels, citoyens : Tous ensemble pour la d\u00e9fense de l\u2019h\u00f4pital, pour la d\u00e9fense de l\u2019acc\u00e8s aux soins, pour la d\u00e9fense de nos droits et libert\u00e9s ! Nous sommes face \u00e0 un pouvoir irresponsable qui fait peser sur nos t\u00eates un risque d\u2019effondrement du syst\u00e8me de sant\u00e9. C\u2019est la responsabilit\u00e9 du gouvernement de [&hellip;]<\/p>\n","protected":false},"author":1,"featured_media":0,"comment_status":"closed","ping_status":"closed","sticky":false,"template":"","format":"standard","meta":{"footnotes":""},"categories":[7],"tags":[],"views":1041,"_links":{"self":[{"href":"http:\/\/www.cgt-hopital-manosque.fr\/index.php?rest_route=\/wp\/v2\/posts\/8440"}],"collection":[{"href":"http:\/\/www.cgt-hopital-manosque.fr\/index.php?rest_route=\/wp\/v2\/posts"}],"about":[{"href":"http:\/\/www.cgt-hopital-manosque.fr\/index.php?rest_route=\/wp\/v2\/types\/post"}],"author":[{"embeddable":true,"href":"http:\/\/www.cgt-hopital-manosque.fr\/index.php?rest_route=\/wp\/v2\/users\/1"}],"replies":[{"embeddable":true,"href":"http:\/\/www.cgt-hopital-manosque.fr\/index.php?rest_route=%2Fwp%2Fv2%2Fcomments&post=8440"}],"version-history":[{"count":5,"href":"http:\/\/www.cgt-hopital-manosque.fr\/index.php?rest_route=\/wp\/v2\/posts\/8440\/revisions"}],"predecessor-version":[{"id":8446,"href":"http:\/\/www.cgt-hopital-manosque.fr\/index.php?rest_route=\/wp\/v2\/posts\/8440\/revisions\/8446"}],"wp:attachment":[{"href":"http:\/\/www.cgt-hopital-manosque.fr\/index.php?rest_route=%2Fwp%2Fv2%2Fmedia&parent=8440"}],"wp:term":[{"taxonomy":"category","embeddable":true,"href":"http:\/\/www.cgt-hopital-manosque.fr\/index.php?rest_route=%2Fwp%2Fv2%2Fcategories&post=8440"},{"taxonomy":"post_tag","embeddable":true,"href":"http:\/\/www.cgt-hopital-manosque.fr\/index.php?rest_route=%2Fwp%2Fv2%2Ftags&post=8440"}],"curies":[{"name":"wp","href":"https:\/\/api.w.org\/{rel}","templated":true}]}}