{"id":8448,"date":"2021-09-03T13:25:27","date_gmt":"2021-09-03T13:25:27","guid":{"rendered":"http:\/\/www.cgt-hopital-manosque.fr\/?p=8448"},"modified":"2021-09-03T13:25:27","modified_gmt":"2021-09-03T13:25:27","slug":"3-septembre-2021-deux-jours-plusieurs-initiatives-le-combat-continue","status":"publish","type":"post","link":"http:\/\/www.cgt-hopital-manosque.fr\/?p=8448","title":{"rendered":"3 septembre 2021 &#8211; Deux jours &#8211; Plusieurs initiatives &#8211; Le combat continue !"},"content":{"rendered":"<p><strong><\/p>\n<p style= \"text-align: justify;\">\nBonjour,<br \/>\nNous avons \u00e9t\u00e9 au front tout l\u2019\u00e9t\u00e9 contre le passe sanitaire et toutes les mesures liberticides. Pourtant Macron, son gouvernement et ses relais sur le terrain restent sourds aux revendications l\u00e9gitimes des personnels comme d\u2019un peuple montrant de plus en plus des signes de saturation.<br \/>\nAujourd\u2019hui, il y a urgence \u00e0 les faire reculer ! La date du 15 septembre constitue un changement de paradigme d\u2019une extr\u00eame brutalit\u00e9 ne faisant que des perdants !<br \/>\nCe \u00ab monde d\u2019apr\u00e8s \u00bb, on n\u2019en veut pas !\n<\/p>\n<p style= \"text-align: justify;\">\nJeter dehors des personnels, \u00e9puiser ceux qui restent, remettre en cause de mani\u00e8re brutale l\u2019acc\u00e8s aux soins des patients, fragiliser l\u2019ensemble des structures, bafouer toutes les r\u00e8gles, tous les droits\u2026 Pour la CGT, c\u2019est NON !\n<\/p>\n<p style= \"text-align: justify;\">\nCe qui est particuli\u00e8rement gravissime dans cette p\u00e9riode, c&rsquo;est l&rsquo;extr\u00eame d\u00e9sinformation des employeurs ! Nous n&rsquo;avons jamais vu \u00e7a ! Nous sommes contraints de faire de la contre-d\u00e9sinformation du matin au soir !<br \/>\nNous sommes tomb\u00e9s bien bas !\n<\/p>\n<p style= \"text-align: justify;\">\nNous appelons les personnels \u00e0 continuer \u00e0 mener le combat avec 2 \u00e9ch\u00e9ances \u00e0 venir :<br \/>\n>> 3 rassemblements pr\u00e9vus samedi \u00e0 14h00 \u00e0 Manosque, Digne et Barcelonnette (voir affiche ci-dessous)<br \/>\n>> 1 rassemblement mardi 7 septembre \u00e0 13h30 devant l\u2019h\u00f4pital de Manosque (voir tract ci-dessous).\n<\/p>\n<p style= \"text-align: justify;\">\nLa CGT Sant\u00e9 et Action Sociale PACA a propos\u00e9 jeudi dernier dans nos instances nationales une journ\u00e9e de mobilisation nationale le 14 septembre. Cette date a \u00e9t\u00e9 soutenue par de nombreux d\u00e9partements et a finalement \u00e9t\u00e9 valid\u00e9e. Les modalit\u00e9s de mise en \u0153uvre dans notre territoire seront d\u00e9finies dans les prochains jours.\n<\/p>\n<p style= \"text-align: justify;\">\nSoyons nombreuses et nombreux samedi et mardi pour maintenir la pression et les faire plier !<br \/>\nOn l\u00e2che rien !\n<\/p>\n<p style= \"text-align: justify;\">\n>> Ci-joint l&rsquo;affiche pour les mobilisations de samedi 4 septembre :<br \/>\n<a href=\"http:\/\/www.cgt-hopital-manosque.fr\/wp-content\/uploads\/2021\/09\/1375.-Affiche-manifs-passe-sanitaire-4-septembre-2021.jpg\"><img loading=\"lazy\" decoding=\"async\" src=\"http:\/\/www.cgt-hopital-manosque.fr\/wp-content\/uploads\/2021\/09\/1375.-Affiche-manifs-passe-sanitaire-4-septembre-2021.jpg\" alt=\"1375. Affiche manifs passe sanitaire 4 septembre 2021\" width=\"524\" height=\"766\" class=\"aligncenter size-full wp-image-8449\" srcset=\"http:\/\/www.cgt-hopital-manosque.fr\/wp-content\/uploads\/2021\/09\/1375.-Affiche-manifs-passe-sanitaire-4-septembre-2021.jpg 524w, http:\/\/www.cgt-hopital-manosque.fr\/wp-content\/uploads\/2021\/09\/1375.-Affiche-manifs-passe-sanitaire-4-septembre-2021-205x300.jpg 205w\" sizes=\"(max-width: 524px) 100vw, 524px\" \/><\/a>\n<\/p>\n<p style= \"text-align: justify;\">\n>> Ci-joint les tract pour le rassemblement de mardi 7 septembre devant l&rsquo;h\u00f4pital de Manosque :<br \/>\n<a href=\"http:\/\/www.cgt-hopital-manosque.fr\/wp-content\/uploads\/2021\/09\/1375.-Tract-CGT-H\u00f4pital-passe-sanitaire-7-septembre-2021.jpg\"><img loading=\"lazy\" decoding=\"async\" src=\"http:\/\/www.cgt-hopital-manosque.fr\/wp-content\/uploads\/2021\/09\/1375.-Tract-CGT-H\u00f4pital-passe-sanitaire-7-septembre-2021.jpg\" alt=\"1375. Tract CGT H\u00f4pital passe sanitaire 7 septembre 2021\" width=\"1240\" height=\"1754\" class=\"aligncenter size-full wp-image-8450\" srcset=\"http:\/\/www.cgt-hopital-manosque.fr\/wp-content\/uploads\/2021\/09\/1375.-Tract-CGT-H\u00f4pital-passe-sanitaire-7-septembre-2021.jpg 1240w, http:\/\/www.cgt-hopital-manosque.fr\/wp-content\/uploads\/2021\/09\/1375.-Tract-CGT-H\u00f4pital-passe-sanitaire-7-septembre-2021-212x300.jpg 212w, http:\/\/www.cgt-hopital-manosque.fr\/wp-content\/uploads\/2021\/09\/1375.-Tract-CGT-H\u00f4pital-passe-sanitaire-7-septembre-2021-724x1024.jpg 724w\" sizes=\"(max-width: 1240px) 100vw, 1240px\" \/><\/a>\n<\/p>\n<p style= \"text-align: justify;\">\n>> Ci-joint l&rsquo;article du journal La Provence du 29 ao\u00fbt 2021<br \/>\n<a href=\"http:\/\/www.cgt-hopital-manosque.fr\/wp-content\/uploads\/2021\/09\/1375.-Article-La-Provence-du-29-ao\u00fbt-2021.jpg\"><img loading=\"lazy\" decoding=\"async\" src=\"http:\/\/www.cgt-hopital-manosque.fr\/wp-content\/uploads\/2021\/09\/1375.-Article-La-Provence-du-29-ao\u00fbt-2021.jpg\" alt=\"1375. Article La Provence du 29 ao\u00fbt 2021\" width=\"883\" height=\"880\" class=\"aligncenter size-full wp-image-8451\" srcset=\"http:\/\/www.cgt-hopital-manosque.fr\/wp-content\/uploads\/2021\/09\/1375.-Article-La-Provence-du-29-ao\u00fbt-2021.jpg 883w, http:\/\/www.cgt-hopital-manosque.fr\/wp-content\/uploads\/2021\/09\/1375.-Article-La-Provence-du-29-ao\u00fbt-2021-150x150.jpg 150w, http:\/\/www.cgt-hopital-manosque.fr\/wp-content\/uploads\/2021\/09\/1375.-Article-La-Provence-du-29-ao\u00fbt-2021-300x300.jpg 300w\" sizes=\"(max-width: 883px) 100vw, 883px\" \/><\/a>\n<\/p>\n<p style= \"text-align: justify;\">\n> Pour voir la vid\u00e9o de BFM DICI du 29 ao\u00fbt 2021, cliquer sur ce lien :  <a href=\"https:\/\/twitter.com\/BFM_DICI\/status\/1432311667275280386?s=01\"target=\"_blank\">CLIQUER ICI<\/a>\n<\/p>\n<p style= \"text-align: justify;\">\n","protected":false},"excerpt":{"rendered":"<p>Bonjour, Nous avons \u00e9t\u00e9 au front tout l\u2019\u00e9t\u00e9 contre le passe sanitaire et toutes les mesures liberticides. Pourtant Macron, son gouvernement et ses relais sur le terrain restent sourds aux revendications l\u00e9gitimes des personnels comme d\u2019un peuple montrant de plus en plus des signes de saturation. Aujourd\u2019hui, il y a urgence \u00e0 les faire reculer [&hellip;]<\/p>\n","protected":false},"author":1,"featured_media":0,"comment_status":"closed","ping_status":"closed","sticky":false,"template":"","format":"standard","meta":{"footnotes":""},"categories":[7],"tags":[],"views":996,"_links":{"self":[{"href":"http:\/\/www.cgt-hopital-manosque.fr\/index.php?rest_route=\/wp\/v2\/posts\/8448"}],"collection":[{"href":"http:\/\/www.cgt-hopital-manosque.fr\/index.php?rest_route=\/wp\/v2\/posts"}],"about":[{"href":"http:\/\/www.cgt-hopital-manosque.fr\/index.php?rest_route=\/wp\/v2\/types\/post"}],"author":[{"embeddable":true,"href":"http:\/\/www.cgt-hopital-manosque.fr\/index.php?rest_route=\/wp\/v2\/users\/1"}],"replies":[{"embeddable":true,"href":"http:\/\/www.cgt-hopital-manosque.fr\/index.php?rest_route=%2Fwp%2Fv2%2Fcomments&post=8448"}],"version-history":[{"count":1,"href":"http:\/\/www.cgt-hopital-manosque.fr\/index.php?rest_route=\/wp\/v2\/posts\/8448\/revisions"}],"predecessor-version":[{"id":8452,"href":"http:\/\/www.cgt-hopital-manosque.fr\/index.php?rest_route=\/wp\/v2\/posts\/8448\/revisions\/8452"}],"wp:attachment":[{"href":"http:\/\/www.cgt-hopital-manosque.fr\/index.php?rest_route=%2Fwp%2Fv2%2Fmedia&parent=8448"}],"wp:term":[{"taxonomy":"category","embeddable":true,"href":"http:\/\/www.cgt-hopital-manosque.fr\/index.php?rest_route=%2Fwp%2Fv2%2Fcategories&post=8448"},{"taxonomy":"post_tag","embeddable":true,"href":"http:\/\/www.cgt-hopital-manosque.fr\/index.php?rest_route=%2Fwp%2Fv2%2Ftags&post=8448"}],"curies":[{"name":"wp","href":"https:\/\/api.w.org\/{rel}","templated":true}]}}