{"id":8453,"date":"2021-09-10T14:20:20","date_gmt":"2021-09-10T14:20:20","guid":{"rendered":"http:\/\/www.cgt-hopital-manosque.fr\/?p=8453"},"modified":"2021-09-10T14:21:58","modified_gmt":"2021-09-10T14:21:58","slug":"10-septembre-2021-plus-que-jamais-maintenons-la-pression-les-11-et-14-septembre","status":"publish","type":"post","link":"http:\/\/www.cgt-hopital-manosque.fr\/?p=8453","title":{"rendered":"10 septembre 2021 &#8211; Plus que jamais maintenons la pression les 11 et 14 septembre"},"content":{"rendered":"<p><strong><\/p>\n<p style= \"text-align: justify;\">\nDepuis le 13 juillet, nous ne cessons d&rsquo;alerter que leurs mesures liberticides sont un rem\u00e8de pire que le mal !<br \/>\nLes sollicitations de salari\u00e9s en d\u00e9tresse, qu&rsquo;ils soient vaccin\u00e9s ou pas se multiplient !<br \/>\nOn a l&rsquo;impression qu&rsquo;il n&rsquo;y a plus de droits, seulement des obligations !<br \/>\nJamais nous n&rsquo;avons eu une ambiance aussi d\u00e9grad\u00e9e depuis les annonces d&rsquo;Emmanuel Macron.<br \/>\nDe nombreux lits hospitaliers ont \u00e9t\u00e9 ferm\u00e9s ces derniers jours et d&rsquo;autres sont en pr\u00e9vision de fermeture \u00e0 partir du 15 septembre pour faire face \u00e0 l&rsquo;application de la Loi du 5 ao\u00fbt 2021.<br \/>\nPlusieurs services vitaux pour la population sont menac\u00e9s !<br \/>\nOn s&rsquo;oriente vers une d\u00e9sorganisation totale (voire d\u00e9sertification) de la carte sanitaire d\u00e9partementale (h\u00f4pitaux, psychiatrie, EHPAD, cabinets lib\u00e9raux, structures m\u00e9dico-sociales et sociales&#8230;) qui va conduire \u00e0 une d\u00e9gradation sans pr\u00e9c\u00e9dent des conditions de travail !\n<\/p>\n<p style= \"text-align: justify;\">\nContinuons \u00e0 maintenir la pression !<br \/>\nSoyons encore nombreuses et nombreux :<br \/>\n>> Samedi 11 septembre \u00e0 14h00 \u00e0 Digne (place du G\u00e9n\u00e9ral de Gaulle)<br \/>\n>> Mardi 14 septembre \u00e0 11h00 devant l&rsquo;ARS \u00e0 Digne\n<\/p>\n<p style= \"text-align: justify;\">\n>> Ci-joint le tract appelant \u00e0 se mobiliser le mardi 14 septembre \u00e0 l&rsquo;ARS \u00e0 Digne :<br \/>\n<a href=\"http:\/\/www.cgt-hopital-manosque.fr\/wp-content\/uploads\/2021\/09\/1376.-Tract-USD-CGT-04-pour-le-14-septembre-2021.jpg\"><img loading=\"lazy\" decoding=\"async\" src=\"http:\/\/www.cgt-hopital-manosque.fr\/wp-content\/uploads\/2021\/09\/1376.-Tract-USD-CGT-04-pour-le-14-septembre-2021.jpg\" alt=\"1376. Tract USD CGT Sant\u00e9 04 pour le 14 septembre 2021\" width=\"1240\" height=\"1754\" class=\"aligncenter size-full wp-image-8454\" srcset=\"http:\/\/www.cgt-hopital-manosque.fr\/wp-content\/uploads\/2021\/09\/1376.-Tract-USD-CGT-04-pour-le-14-septembre-2021.jpg 1240w, http:\/\/www.cgt-hopital-manosque.fr\/wp-content\/uploads\/2021\/09\/1376.-Tract-USD-CGT-04-pour-le-14-septembre-2021-212x300.jpg 212w, http:\/\/www.cgt-hopital-manosque.fr\/wp-content\/uploads\/2021\/09\/1376.-Tract-USD-CGT-04-pour-le-14-septembre-2021-724x1024.jpg 724w\" sizes=\"(max-width: 1240px) 100vw, 1240px\" \/><\/a>\n<\/p>\n<p style= \"text-align: justify;\">\n>> Ci-joint l\u2019affiche appelant \u00e0 se mobiliser le samedi 11 septembre \u00e0 Digne :<br \/>\n<a href=\"http:\/\/www.cgt-hopital-manosque.fr\/wp-content\/uploads\/2021\/09\/1376.-Affiche-pour-le-11-septembre-2021.jpg\"><img loading=\"lazy\" decoding=\"async\" src=\"http:\/\/www.cgt-hopital-manosque.fr\/wp-content\/uploads\/2021\/09\/1376.-Affiche-pour-le-11-septembre-2021.jpg\" alt=\"1376. Affiche pour le 11 septembre 2021\" width=\"724\" height=\"1024\" class=\"aligncenter size-full wp-image-8455\" srcset=\"http:\/\/www.cgt-hopital-manosque.fr\/wp-content\/uploads\/2021\/09\/1376.-Affiche-pour-le-11-septembre-2021.jpg 724w, http:\/\/www.cgt-hopital-manosque.fr\/wp-content\/uploads\/2021\/09\/1376.-Affiche-pour-le-11-septembre-2021-212x300.jpg 212w\" sizes=\"(max-width: 724px) 100vw, 724px\" \/><\/a>\n<\/p>\n<p style= \"text-align: justify;\">\n>> Ci-joint l&rsquo;article du journal La Provence du 8 septembre (cliquer sur l&rsquo;image pour agrandir) :<br \/>\n<a href=\"http:\/\/www.cgt-hopital-manosque.fr\/wp-content\/uploads\/2021\/09\/1376.-Article-La-Provence-du-8-septembre-2021.jpg\"><img loading=\"lazy\" decoding=\"async\" src=\"http:\/\/www.cgt-hopital-manosque.fr\/wp-content\/uploads\/2021\/09\/1376.-Article-La-Provence-du-8-septembre-2021.jpg\" alt=\"1376. Article La Provence du 8 septembre 2021\" width=\"1135\" height=\"1101\" class=\"aligncenter size-full wp-image-8456\" srcset=\"http:\/\/www.cgt-hopital-manosque.fr\/wp-content\/uploads\/2021\/09\/1376.-Article-La-Provence-du-8-septembre-2021.jpg 1135w, http:\/\/www.cgt-hopital-manosque.fr\/wp-content\/uploads\/2021\/09\/1376.-Article-La-Provence-du-8-septembre-2021-300x291.jpg 300w, http:\/\/www.cgt-hopital-manosque.fr\/wp-content\/uploads\/2021\/09\/1376.-Article-La-Provence-du-8-septembre-2021-1024x993.jpg 1024w\" sizes=\"(max-width: 1135px) 100vw, 1135px\" \/><\/a>\n<\/p>\n<p style= \"text-align: justify;\">\n>> Pour voir la vid\u00e9o de BFM Alpes du 7 septembre, cliquer sur ce lien : <a href=\"https:\/\/www.bfmtv.com\/bfm-dici\/replay-emissions\/bonsoir-dici-haute-provence\/manosque-une-manifestation-contre-l-obligation-vaccinale-des-soignants_VN-202109070330.html\"target=\"_blank\">CLIQUER ICI<\/a>\n<\/p>\n<p><\/strong><\/p>\n<p style= \"text-align: justify;\">\n","protected":false},"excerpt":{"rendered":"<p>Depuis le 13 juillet, nous ne cessons d&rsquo;alerter que leurs mesures liberticides sont un rem\u00e8de pire que le mal ! Les sollicitations de salari\u00e9s en d\u00e9tresse, qu&rsquo;ils soient vaccin\u00e9s ou pas se multiplient ! On a l&rsquo;impression qu&rsquo;il n&rsquo;y a plus de droits, seulement des obligations ! Jamais nous n&rsquo;avons eu une ambiance aussi d\u00e9grad\u00e9e [&hellip;]<\/p>\n","protected":false},"author":1,"featured_media":0,"comment_status":"closed","ping_status":"closed","sticky":false,"template":"","format":"standard","meta":{"footnotes":""},"categories":[7],"tags":[],"views":1158,"_links":{"self":[{"href":"http:\/\/www.cgt-hopital-manosque.fr\/index.php?rest_route=\/wp\/v2\/posts\/8453"}],"collection":[{"href":"http:\/\/www.cgt-hopital-manosque.fr\/index.php?rest_route=\/wp\/v2\/posts"}],"about":[{"href":"http:\/\/www.cgt-hopital-manosque.fr\/index.php?rest_route=\/wp\/v2\/types\/post"}],"author":[{"embeddable":true,"href":"http:\/\/www.cgt-hopital-manosque.fr\/index.php?rest_route=\/wp\/v2\/users\/1"}],"replies":[{"embeddable":true,"href":"http:\/\/www.cgt-hopital-manosque.fr\/index.php?rest_route=%2Fwp%2Fv2%2Fcomments&post=8453"}],"version-history":[{"count":3,"href":"http:\/\/www.cgt-hopital-manosque.fr\/index.php?rest_route=\/wp\/v2\/posts\/8453\/revisions"}],"predecessor-version":[{"id":8459,"href":"http:\/\/www.cgt-hopital-manosque.fr\/index.php?rest_route=\/wp\/v2\/posts\/8453\/revisions\/8459"}],"wp:attachment":[{"href":"http:\/\/www.cgt-hopital-manosque.fr\/index.php?rest_route=%2Fwp%2Fv2%2Fmedia&parent=8453"}],"wp:term":[{"taxonomy":"category","embeddable":true,"href":"http:\/\/www.cgt-hopital-manosque.fr\/index.php?rest_route=%2Fwp%2Fv2%2Fcategories&post=8453"},{"taxonomy":"post_tag","embeddable":true,"href":"http:\/\/www.cgt-hopital-manosque.fr\/index.php?rest_route=%2Fwp%2Fv2%2Ftags&post=8453"}],"curies":[{"name":"wp","href":"https:\/\/api.w.org\/{rel}","templated":true}]}}