{"id":8471,"date":"2021-11-04T14:34:01","date_gmt":"2021-11-04T14:34:01","guid":{"rendered":"http:\/\/www.cgt-hopital-manosque.fr\/?p=8471"},"modified":"2021-11-04T14:34:01","modified_gmt":"2021-11-04T14:34:01","slug":"4-novembre-2021-20-de-lits-disparus-veran-mene-lenquete","status":"publish","type":"post","link":"http:\/\/www.cgt-hopital-manosque.fr\/?p=8471","title":{"rendered":"4 novembre 2021 &#8211; 20% de lits disparus, V\u00e9ran m\u00e8ne l&rsquo;enqu\u00eate"},"content":{"rendered":"<p><a href=\"http:\/\/www.cgt-hopital-manosque.fr\/wp-content\/uploads\/2021\/11\/Lits-ferm\u00e9s-\u00e0-lh\u00f4pital-V\u00e9ran-m\u00e8ne-lenqu\u00eate.jpg\"><img loading=\"lazy\" decoding=\"async\" src=\"http:\/\/www.cgt-hopital-manosque.fr\/wp-content\/uploads\/2021\/11\/Lits-ferm\u00e9s-\u00e0-lh\u00f4pital-V\u00e9ran-m\u00e8ne-lenqu\u00eate.jpg\" alt=\"Lits ferm\u00e9s \u00e0 l&#039;h\u00f4pital, V\u00e9ran m\u00e8ne l&#039;enqu\u00eate\" width=\"960\" height=\"720\" class=\"aligncenter size-full wp-image-8472\" srcset=\"http:\/\/www.cgt-hopital-manosque.fr\/wp-content\/uploads\/2021\/11\/Lits-ferm\u00e9s-\u00e0-lh\u00f4pital-V\u00e9ran-m\u00e8ne-lenqu\u00eate.jpg 960w, http:\/\/www.cgt-hopital-manosque.fr\/wp-content\/uploads\/2021\/11\/Lits-ferm\u00e9s-\u00e0-lh\u00f4pital-V\u00e9ran-m\u00e8ne-lenqu\u00eate-300x225.jpg 300w\" sizes=\"(max-width: 960px) 100vw, 960px\" \/><\/a><\/p>\n<p><strong><\/p>\n<p style= \"text-align: justify;\">\nBonjour,<br \/>\nCi-joint la premi\u00e8re vid\u00e9o de la nouvelle Cha\u00eene Youtube de la Coordination R\u00e9gionale CGT sant\u00e9 et Action Sociale PACA intitul\u00e9e \u00ab 20% de lits disparus, V\u00e9ran m\u00e8ne l&rsquo;enqu\u00eate \u00bb.<br \/>\nVous pouvez vous abonner, nous mettrons r\u00e9guli\u00e8rement des nouvelles vid\u00e9os.<br \/>\nBonne journ\u00e9e<\/p>\n<p>>> Pour voir la vid\u00e9o, cliquer sur ce lien : <a href=\"https:\/\/youtu.be\/3oh0iE4hQU4\"target=\"_blank\">CLIQUER ICI<\/a> <\/p>\n<p><\/strong><\/p>\n<p style= \"text-align: justify;\">\n","protected":false},"excerpt":{"rendered":"<p>Bonjour, Ci-joint la premi\u00e8re vid\u00e9o de la nouvelle Cha\u00eene Youtube de la Coordination R\u00e9gionale CGT sant\u00e9 et Action Sociale PACA intitul\u00e9e \u00ab 20% de lits disparus, V\u00e9ran m\u00e8ne l&rsquo;enqu\u00eate \u00bb. Vous pouvez vous abonner, nous mettrons r\u00e9guli\u00e8rement des nouvelles vid\u00e9os. Bonne journ\u00e9e >> Pour voir la vid\u00e9o, cliquer sur ce lien : CLIQUER ICI<\/p>\n","protected":false},"author":1,"featured_media":0,"comment_status":"closed","ping_status":"closed","sticky":false,"template":"","format":"standard","meta":{"footnotes":""},"categories":[7],"tags":[],"views":998,"_links":{"self":[{"href":"http:\/\/www.cgt-hopital-manosque.fr\/index.php?rest_route=\/wp\/v2\/posts\/8471"}],"collection":[{"href":"http:\/\/www.cgt-hopital-manosque.fr\/index.php?rest_route=\/wp\/v2\/posts"}],"about":[{"href":"http:\/\/www.cgt-hopital-manosque.fr\/index.php?rest_route=\/wp\/v2\/types\/post"}],"author":[{"embeddable":true,"href":"http:\/\/www.cgt-hopital-manosque.fr\/index.php?rest_route=\/wp\/v2\/users\/1"}],"replies":[{"embeddable":true,"href":"http:\/\/www.cgt-hopital-manosque.fr\/index.php?rest_route=%2Fwp%2Fv2%2Fcomments&post=8471"}],"version-history":[{"count":1,"href":"http:\/\/www.cgt-hopital-manosque.fr\/index.php?rest_route=\/wp\/v2\/posts\/8471\/revisions"}],"predecessor-version":[{"id":8473,"href":"http:\/\/www.cgt-hopital-manosque.fr\/index.php?rest_route=\/wp\/v2\/posts\/8471\/revisions\/8473"}],"wp:attachment":[{"href":"http:\/\/www.cgt-hopital-manosque.fr\/index.php?rest_route=%2Fwp%2Fv2%2Fmedia&parent=8471"}],"wp:term":[{"taxonomy":"category","embeddable":true,"href":"http:\/\/www.cgt-hopital-manosque.fr\/index.php?rest_route=%2Fwp%2Fv2%2Fcategories&post=8471"},{"taxonomy":"post_tag","embeddable":true,"href":"http:\/\/www.cgt-hopital-manosque.fr\/index.php?rest_route=%2Fwp%2Fv2%2Ftags&post=8471"}],"curies":[{"name":"wp","href":"https:\/\/api.w.org\/{rel}","templated":true}]}}