{"id":859,"date":"2012-10-30T19:33:21","date_gmt":"2012-10-30T19:33:21","guid":{"rendered":"http:\/\/www.cgt-hopital-manosque.fr\/?p=859"},"modified":"2012-10-30T19:37:14","modified_gmt":"2012-10-30T19:37:14","slug":"31-octobre-2012-une-aide-soignante-en-disponibilite-remporte-un-contentieux-pour-exces-de-pouvoir-2","status":"publish","type":"post","link":"http:\/\/www.cgt-hopital-manosque.fr\/?p=859","title":{"rendered":"31 octobre 2012 &#8211; Une aide-soignante en disponibilit\u00e9 remporte un contentieux pour exc\u00e8s de pouvoir"},"content":{"rendered":"<p style= \"text-align: justify;\">\nUne d\u00e9cision du Conseil d&rsquo;Etat du 15 octobre 2012 (N\u00b0 360388) vient de donner raison \u00e0 une aide-soignante qui \u00e9tait en litige avec le centre hospitalier Saint Louis d&rsquo;Ax-les-Thermes (Ari\u00e8ge). L&rsquo;aide-soignante qui \u00e9tait plac\u00e9e en disponibilit\u00e9 pour convenances personnelles pour un an (jusqu&rsquo;au 31 janvier 2012) avait demand\u00e9 sa r\u00e9int\u00e9gration \u00e0 compter du 1er janvier 2012 par une lettre du 3 novembre 2011. La directrice de l&rsquo;\u00e9tablissement avait refus\u00e9 sa r\u00e9int\u00e9gration malgr\u00e9 la pr\u00e9sence de postes vacants la concernant.<\/p>\n<p>Pour information :<\/p>\n<p>Article 37 du D\u00e9cret n\u00b088-976 du 13 octobre 1988 relatif au r\u00e9gime particulier de certaines positions des fonctionnaires hospitaliers, \u00e0 l&rsquo;int\u00e9gration et \u00e0 certaines modalit\u00e9s de mise \u00e0 disposition :<\/p>\n<p>\t\u00ab\u00a0Deux mois au moins avant l&rsquo;expiration de la p\u00e9riode de disponibilit\u00e9 en cours, le fonctionnaire doit solliciter soit le renouvellement de sa disponibilit\u00e9 soit sa r\u00e9int\u00e9gration. Faute d&rsquo;une telle demande, l&rsquo;int\u00e9ress\u00e9 est ray\u00e9 des cadres, \u00e0 la date d&rsquo;expiration de la p\u00e9riode de disponibilit\u00e9.<br \/>\n\tSous r\u00e9serve des dispositions des troisi\u00e8me et quatri\u00e8me alin\u00e9as ci-dessous, la r\u00e9int\u00e9gration est de droit \u00e0 la premi\u00e8re vacance lorsque la disponibilit\u00e9 n&rsquo;a pas exc\u00e9d\u00e9 trois ans. Le fonctionnaire qui refuse l&#8217;emploi propos\u00e9 est maintenu en disponibilit\u00e9.<br \/>\n\tLe fonctionnaire qui ne peut \u00eatre r\u00e9int\u00e9gr\u00e9 faute de poste vacant est maintenu en disponibilit\u00e9 jusqu&rsquo;\u00e0 sa r\u00e9int\u00e9gration et au plus tard jusqu&rsquo;\u00e0 ce que trois postes lui aient \u00e9t\u00e9 propos\u00e9s.<br \/>\n\tLe fonctionnaire qui, \u00e0 l&rsquo;issue de sa disponibilit\u00e9 ou avant cette date s&rsquo;il sollicite sa r\u00e9int\u00e9gration anticip\u00e9e, ne peut \u00eatre r\u00e9int\u00e9gr\u00e9 pour cause d&rsquo;inaptitude physique est soit reclass\u00e9 dans les conditions pr\u00e9vues par la section 3 du chapitre V de la loi du 9 janvier 1986 susvis\u00e9e, soit plac\u00e9 en disponibilit\u00e9 d&rsquo;office dans les conditions pr\u00e9vues aux deux derniers alin\u00e9as de l&rsquo;article 29 du pr\u00e9sent d\u00e9cret, soit en cas d&rsquo;inaptitude d\u00e9finitive \u00e0 l&rsquo;exercice des fonctions, admis \u00e0 la retraite ou, s&rsquo;il n&rsquo;a pas droit \u00e0 pension, licenci\u00e9.<br \/>\n\tLes dispositions ci-dessus ne sont pas applicables au fonctionnaire mis en disponibilit\u00e9 au titre du dernier alin\u00e9a de l&rsquo;article 34 du pr\u00e9sent d\u00e9cret. A l&rsquo;issue de la p\u00e9riode de mise en disponibilit\u00e9, ou avant cette date s&rsquo;il sollicite sa r\u00e9int\u00e9gration anticip\u00e9e, ce fonctionnaire est r\u00e9int\u00e9gr\u00e9 et r\u00e9affect\u00e9 dans son emploi ant\u00e9rieur.\u00a0\u00bb<\/p>\n","protected":false},"excerpt":{"rendered":"<p>Une d\u00e9cision du Conseil d&rsquo;Etat du 15 octobre 2012 (N\u00b0 360388) vient de donner raison \u00e0 une aide-soignante qui \u00e9tait en litige avec le centre hospitalier Saint Louis d&rsquo;Ax-les-Thermes (Ari\u00e8ge). L&rsquo;aide-soignante qui \u00e9tait plac\u00e9e en disponibilit\u00e9 pour convenances personnelles pour un an (jusqu&rsquo;au 31 janvier 2012) avait demand\u00e9 sa r\u00e9int\u00e9gration \u00e0 compter du 1er janvier [&hellip;]<\/p>\n","protected":false},"author":1,"featured_media":0,"comment_status":"closed","ping_status":"open","sticky":false,"template":"","format":"standard","meta":{"footnotes":""},"categories":[8,5],"tags":[],"views":3088,"_links":{"self":[{"href":"http:\/\/www.cgt-hopital-manosque.fr\/index.php?rest_route=\/wp\/v2\/posts\/859"}],"collection":[{"href":"http:\/\/www.cgt-hopital-manosque.fr\/index.php?rest_route=\/wp\/v2\/posts"}],"about":[{"href":"http:\/\/www.cgt-hopital-manosque.fr\/index.php?rest_route=\/wp\/v2\/types\/post"}],"author":[{"embeddable":true,"href":"http:\/\/www.cgt-hopital-manosque.fr\/index.php?rest_route=\/wp\/v2\/users\/1"}],"replies":[{"embeddable":true,"href":"http:\/\/www.cgt-hopital-manosque.fr\/index.php?rest_route=%2Fwp%2Fv2%2Fcomments&post=859"}],"version-history":[{"count":5,"href":"http:\/\/www.cgt-hopital-manosque.fr\/index.php?rest_route=\/wp\/v2\/posts\/859\/revisions"}],"predecessor-version":[{"id":864,"href":"http:\/\/www.cgt-hopital-manosque.fr\/index.php?rest_route=\/wp\/v2\/posts\/859\/revisions\/864"}],"wp:attachment":[{"href":"http:\/\/www.cgt-hopital-manosque.fr\/index.php?rest_route=%2Fwp%2Fv2%2Fmedia&parent=859"}],"wp:term":[{"taxonomy":"category","embeddable":true,"href":"http:\/\/www.cgt-hopital-manosque.fr\/index.php?rest_route=%2Fwp%2Fv2%2Fcategories&post=859"},{"taxonomy":"post_tag","embeddable":true,"href":"http:\/\/www.cgt-hopital-manosque.fr\/index.php?rest_route=%2Fwp%2Fv2%2Ftags&post=859"}],"curies":[{"name":"wp","href":"https:\/\/api.w.org\/{rel}","templated":true}]}}