{"id":8641,"date":"2023-08-02T15:36:52","date_gmt":"2023-08-02T15:36:52","guid":{"rendered":"http:\/\/www.cgt-hopital-manosque.fr\/?p=8641"},"modified":"2023-08-02T15:36:52","modified_gmt":"2023-08-02T15:36:52","slug":"2-aout-2023-tract-usd-cgt-sante-sur-la-prime-de-pouvoir-dachat-decret-2023-702","status":"publish","type":"post","link":"http:\/\/www.cgt-hopital-manosque.fr\/?p=8641","title":{"rendered":"2 ao\u00fbt 2023 &#8211; Tract USD CGT Sant\u00e9 sur la prime de pouvoir d&rsquo;achat (d\u00e9cret 2023-702)"},"content":{"rendered":"<p><a href=\"http:\/\/www.cgt-hopital-manosque.fr\/wp-content\/uploads\/2023\/08\/1410.-Tract-USD-CGT-Sant\u00e9-prime-de-pouvoir-dachat-2-ao\u00fbt-2023.jpg\"><img loading=\"lazy\" decoding=\"async\" src=\"http:\/\/www.cgt-hopital-manosque.fr\/wp-content\/uploads\/2023\/08\/1410.-Tract-USD-CGT-Sant\u00e9-prime-de-pouvoir-dachat-2-ao\u00fbt-2023.jpg\" alt=\"1410. Tract USD CGT Sant\u00e9 prime de pouvoir d&#039;achat, 2 ao\u00fbt 2023\" width=\"1240\" height=\"1754\" class=\"aligncenter size-full wp-image-8642\" srcset=\"http:\/\/www.cgt-hopital-manosque.fr\/wp-content\/uploads\/2023\/08\/1410.-Tract-USD-CGT-Sant\u00e9-prime-de-pouvoir-dachat-2-ao\u00fbt-2023.jpg 1240w, http:\/\/www.cgt-hopital-manosque.fr\/wp-content\/uploads\/2023\/08\/1410.-Tract-USD-CGT-Sant\u00e9-prime-de-pouvoir-dachat-2-ao\u00fbt-2023-212x300.jpg 212w, http:\/\/www.cgt-hopital-manosque.fr\/wp-content\/uploads\/2023\/08\/1410.-Tract-USD-CGT-Sant\u00e9-prime-de-pouvoir-dachat-2-ao\u00fbt-2023-724x1024.jpg 724w\" sizes=\"(max-width: 1240px) 100vw, 1240px\" \/><\/a><\/p>\n","protected":false},"excerpt":{"rendered":"","protected":false},"author":1,"featured_media":0,"comment_status":"closed","ping_status":"closed","sticky":false,"template":"","format":"standard","meta":{"footnotes":""},"categories":[7],"tags":[],"views":1038,"_links":{"self":[{"href":"http:\/\/www.cgt-hopital-manosque.fr\/index.php?rest_route=\/wp\/v2\/posts\/8641"}],"collection":[{"href":"http:\/\/www.cgt-hopital-manosque.fr\/index.php?rest_route=\/wp\/v2\/posts"}],"about":[{"href":"http:\/\/www.cgt-hopital-manosque.fr\/index.php?rest_route=\/wp\/v2\/types\/post"}],"author":[{"embeddable":true,"href":"http:\/\/www.cgt-hopital-manosque.fr\/index.php?rest_route=\/wp\/v2\/users\/1"}],"replies":[{"embeddable":true,"href":"http:\/\/www.cgt-hopital-manosque.fr\/index.php?rest_route=%2Fwp%2Fv2%2Fcomments&post=8641"}],"version-history":[{"count":1,"href":"http:\/\/www.cgt-hopital-manosque.fr\/index.php?rest_route=\/wp\/v2\/posts\/8641\/revisions"}],"predecessor-version":[{"id":8643,"href":"http:\/\/www.cgt-hopital-manosque.fr\/index.php?rest_route=\/wp\/v2\/posts\/8641\/revisions\/8643"}],"wp:attachment":[{"href":"http:\/\/www.cgt-hopital-manosque.fr\/index.php?rest_route=%2Fwp%2Fv2%2Fmedia&parent=8641"}],"wp:term":[{"taxonomy":"category","embeddable":true,"href":"http:\/\/www.cgt-hopital-manosque.fr\/index.php?rest_route=%2Fwp%2Fv2%2Fcategories&post=8641"},{"taxonomy":"post_tag","embeddable":true,"href":"http:\/\/www.cgt-hopital-manosque.fr\/index.php?rest_route=%2Fwp%2Fv2%2Ftags&post=8641"}],"curies":[{"name":"wp","href":"https:\/\/api.w.org\/{rel}","templated":true}]}}