{"id":901,"date":"2012-11-22T19:00:18","date_gmt":"2012-11-22T19:00:18","guid":{"rendered":"http:\/\/www.cgt-hopital-manosque.fr\/?p=901"},"modified":"2012-11-22T19:01:44","modified_gmt":"2012-11-22T19:01:44","slug":"23-novembre-2012-la-loi-portant-creation-des-emplois-davenir-a-ete-publiee","status":"publish","type":"post","link":"http:\/\/www.cgt-hopital-manosque.fr\/?p=901","title":{"rendered":"23 novembre 2012 &#8211; La loi portant cr\u00e9ation des emplois d&rsquo;avenir a \u00e9t\u00e9 publi\u00e9e"},"content":{"rendered":"<p style= \"text-align: justify;\">\n<p>La loi 2012-1189 du 26 octobre 2012 portant cr\u00e9ation des emplois d\u2019avenir vient de rentrer en vigueur.<\/p>\n<p>L\u2019emploi d\u2019avenir a pour objet de faciliter l\u2019insertion professionnelle et l\u2019acc\u00e8s \u00e0 la qualification des jeunes sans emploi \u00e2g\u00e9s de seize \u00e0 vingt-cinq ans au moment de la signature du contrat de travail.<\/p>\n<p>Il est n\u00e9cessaire pour cela que ces jeunes  soient sans qualification soit peu qualifi\u00e9s ou qu\u2019ils  rencontrent des difficult\u00e9s particuli\u00e8res d\u2019acc\u00e8s \u00e0 l\u2019emploi,<br \/>\nLa priorit\u00e9 sera donn\u00e9e \u00e0 leur recrutement dans des activit\u00e9s pr\u00e9sentant un caract\u00e8re d\u2019utilit\u00e9 sociale ou environnementale ou ayant un fort potentiel de cr\u00e9ation d\u2019emplois.<\/p>\n<p>Les personnes b\u00e9n\u00e9ficiant de la reconnaissance de la qualit\u00e9 de travailleur handicap\u00e9 et remplissant ces m\u00eames conditions peuvent acc\u00e9der \u00e0 un emploi d\u2019avenir lorsqu\u2019elles sont \u00e2g\u00e9es de moins de trente ans.<\/p>\n<p>L\u2019emploi d\u2019avenir est destin\u00e9 en priorit\u00e9 aux jeunes mentionn\u00e9s ci-dessus qui r\u00e9sident soit dans les zones urbaines sensibles soit dans les d\u00e9partements d\u2019outre-mer, \u00e0 Saint-Barth\u00e9lemy, \u00e0 Saint-Martin ou \u00e0 Saint-Pierre-et-Miquelon, soit dans les territoires dans lesquels les jeunes connaissent des difficult\u00e9s particuli\u00e8res d\u2019acc\u00e8s \u00e0 l\u2019emploi.<\/p>\n<p>150 000 contrats sont pr\u00e9vus sur 5 ans dont 4000 emplois par an pour le secteur public et PSPH (participant au service public hospitalier), sur des profils d\u2019aide au service hospitalier, d\u2019aide m\u00e9dico-administratif et enfin d\u2019aide de recherche clinique, financ\u00e9s \u00e0 hauteur de 75% de leur r\u00e9mun\u00e9ration par l\u2019\u00e9tat. <\/p>\n","protected":false},"excerpt":{"rendered":"<p>La loi 2012-1189 du 26 octobre 2012 portant cr\u00e9ation des emplois d\u2019avenir vient de rentrer en vigueur. L\u2019emploi d\u2019avenir a pour objet de faciliter l\u2019insertion professionnelle et l\u2019acc\u00e8s \u00e0 la qualification des jeunes sans emploi \u00e2g\u00e9s de seize \u00e0 vingt-cinq ans au moment de la signature du contrat de travail. Il est n\u00e9cessaire pour cela [&hellip;]<\/p>\n","protected":false},"author":1,"featured_media":0,"comment_status":"closed","ping_status":"open","sticky":false,"template":"","format":"standard","meta":{"footnotes":""},"categories":[8],"tags":[],"views":2292,"_links":{"self":[{"href":"http:\/\/www.cgt-hopital-manosque.fr\/index.php?rest_route=\/wp\/v2\/posts\/901"}],"collection":[{"href":"http:\/\/www.cgt-hopital-manosque.fr\/index.php?rest_route=\/wp\/v2\/posts"}],"about":[{"href":"http:\/\/www.cgt-hopital-manosque.fr\/index.php?rest_route=\/wp\/v2\/types\/post"}],"author":[{"embeddable":true,"href":"http:\/\/www.cgt-hopital-manosque.fr\/index.php?rest_route=\/wp\/v2\/users\/1"}],"replies":[{"embeddable":true,"href":"http:\/\/www.cgt-hopital-manosque.fr\/index.php?rest_route=%2Fwp%2Fv2%2Fcomments&post=901"}],"version-history":[{"count":2,"href":"http:\/\/www.cgt-hopital-manosque.fr\/index.php?rest_route=\/wp\/v2\/posts\/901\/revisions"}],"predecessor-version":[{"id":903,"href":"http:\/\/www.cgt-hopital-manosque.fr\/index.php?rest_route=\/wp\/v2\/posts\/901\/revisions\/903"}],"wp:attachment":[{"href":"http:\/\/www.cgt-hopital-manosque.fr\/index.php?rest_route=%2Fwp%2Fv2%2Fmedia&parent=901"}],"wp:term":[{"taxonomy":"category","embeddable":true,"href":"http:\/\/www.cgt-hopital-manosque.fr\/index.php?rest_route=%2Fwp%2Fv2%2Fcategories&post=901"},{"taxonomy":"post_tag","embeddable":true,"href":"http:\/\/www.cgt-hopital-manosque.fr\/index.php?rest_route=%2Fwp%2Fv2%2Ftags&post=901"}],"curies":[{"name":"wp","href":"https:\/\/api.w.org\/{rel}","templated":true}]}}