{"id":907,"date":"2012-11-29T18:47:18","date_gmt":"2012-11-29T18:47:18","guid":{"rendered":"http:\/\/www.cgt-hopital-manosque.fr\/?p=907"},"modified":"2012-11-29T18:47:18","modified_gmt":"2012-11-29T18:47:18","slug":"30-novembre-2012-infos-reglementaires-adjoints-des-cadres-assistants-medico-administratifs-techniciens-et-techniciens-superieurs-hospitaliers","status":"publish","type":"post","link":"http:\/\/www.cgt-hopital-manosque.fr\/?p=907","title":{"rendered":"30 novembre 2012 &#8211; Infos r\u00e9glementaires : Adjoints des cadres \/ Assistants m\u00e9dico-administratifs \/ Techniciens et techniciens sup\u00e9rieurs hospitaliers"},"content":{"rendered":"<p style= \"text-align: justify;\">\n<p><strong>1\/ Modalit\u00e9s d&rsquo;acc\u00e8s au 1er et 2 \u00e8me grades d&rsquo;ACH pour les adjoints administratifs et PARM, arr\u00eat\u00e9 du 12 novembre 2012<\/strong><\/p>\n<p>Publication au journal officiel du 21 novembre 2012 de l\u2019arr\u00eat\u00e9 du 12 novembre 2012 fixant la composition du jury et les modalit\u00e9s d\u2019organisation des examens professionnels permettant l\u2019acc\u00e8s au corps des adjoints des cadres hospitaliers de la fonction publique hospitali\u00e8re (premier et deuxi\u00e8me grade).<\/p>\n<p>Cet arr\u00eat\u00e9 concerne l\u2019acc\u00e8s au premier grade et au deuxi\u00e8me grade du corps des adjoints des cadres hospitaliers selon les dispositions pr\u00e9vues respectivement aux 2\u00b0 du II et au III de l\u2019article 3 du d\u00e9cret n\u00b0 2011-660 du 14 juin 2011.<br \/>\nIl s\u2019agit de la promotion des adjoints administratifs hospitaliers et des PARM par voie de changement de corps.<\/p>\n<p>Cet arr\u00eat\u00e9 fait suite \u00e0 la publication de l\u2019arr\u00eat\u00e9 du 24 octobre 2012 relatif aux examens professionnels permettant l\u2019acc\u00e8s au deuxi\u00e8me grade et troisi\u00e8me grade du corps des ACH, dans le cadre des avancements de grades \u00e0 l\u2019int\u00e9rieur du corps des ACH.<\/p>\n<p><strong>2\/ Modalit\u00e9s d&rsquo;acc\u00e8s au 1er et au 2\u00e8me grade d&rsquo;AMA pour les adjoints administratifs et PARM, arr\u00eat\u00e9 du 12 novembre 2012<\/strong><\/p>\n<p>Publication au journal officiel du 21 novembre 2012 de l\u2019arr\u00eat\u00e9 du 12 novembre 2012 fixant la composition du jury et les modalit\u00e9s d\u2019organisation des examens professionnels permettant l\u2019acc\u00e8s au corps des assistants m\u00e9dico-administratifs de la fonction publique hospitali\u00e8re (premier et deuxi\u00e8me grade).<\/p>\n<p>Cet arr\u00eat\u00e9 concerne l\u2019acc\u00e8s au premier grade et au deuxi\u00e8me grade du corps des Assistants M\u00e9dico-Administratifs selon les dispositions pr\u00e9vues respectivement aux 2\u00b0 du II et au III de l\u2019article 3 du d\u00e9cret n\u00b0 2011-660 du 14 juin 2011.<br \/>\nIl s\u2019agit de la promotion des adjoints administratifs hospitaliers et des PARM par voie de changement de corps.<\/p>\n<p>Cet arr\u00eat\u00e9 fait suite \u00e0 la publication de l\u2019arr\u00eat\u00e9 du 24 octobre 2012 relatif aux examens professionnels permettant l\u2019acc\u00e8s au deuxi\u00e8me grade et troisi\u00e8me grade du corps des AMA, dans le cadre des avancements de grades \u00e0 l\u2019int\u00e9rieur du corps des Assistants M\u00e9dico-Administratifs.<\/p>\n<p><strong>3\/ Modalit\u00e9s d&rsquo;acc\u00e8s aux 1er et 2\u00e8me grades des TH et TSH pour certains personnels de cat\u00e9gorie C, arr\u00eat\u00e9 du 12 novembre 2012<\/strong><\/p>\n<p>Publication au journal officiel du 21 novembre 2012 de l\u2019arr\u00eat\u00e9 du 12 novembre 2012 fixant la composition du jury et les modalit\u00e9s d\u2019organisation des examens professionnels permettant l\u2019acc\u00e8s au corps des techniciens et techniciens sup\u00e9rieurs hospitaliers (premier et deuxi\u00e8me grade). <\/p>\n<p>Cet arr\u00eat\u00e9 concerne l\u2019acc\u00e8s au premier grade et au deuxi\u00e8me grade du corps des techniciens et techniciens sup\u00e9rieurs hospitaliers selon les dispositions pr\u00e9vues respectivement aux 2\u00b0 du I et au II de l\u2019article 5 du d\u00e9cret n\u00b0 2011-744 du 27 juin 2011.<\/p>\n<p>Il s\u2019agit de la promotion des personnels des corps de la ma\u00eetrise ouvri\u00e8re, des personnels ouvriers, des conducteurs ambulanciers et des dessinateurs par voie de changement de corps.<br \/>\nCet arr\u00eat\u00e9 fait suite \u00e0 la publication de l\u2019arr\u00eat\u00e9 du 24 octobre 2012 relatif aux examens professionnels permettant l\u2019acc\u00e8s aux grades de technicien sup\u00e9rieur hospitalier de 2\u00e8me classe et de technicien sup\u00e9rieur hospitalier de 1\u00e8re classe du corps des TH et TSH, dans le cadre des avancements de grades \u00e0 l\u2019int\u00e9rieur du corps des techniciens et techniciens sup\u00e9rieurs hospitaliers.<\/p>\n","protected":false},"excerpt":{"rendered":"<p>1\/ Modalit\u00e9s d&rsquo;acc\u00e8s au 1er et 2 \u00e8me grades d&rsquo;ACH pour les adjoints administratifs et PARM, arr\u00eat\u00e9 du 12 novembre 2012 Publication au journal officiel du 21 novembre 2012 de l\u2019arr\u00eat\u00e9 du 12 novembre 2012 fixant la composition du jury et les modalit\u00e9s d\u2019organisation des examens professionnels permettant l\u2019acc\u00e8s au corps des adjoints des cadres [&hellip;]<\/p>\n","protected":false},"author":1,"featured_media":0,"comment_status":"closed","ping_status":"open","sticky":false,"template":"","format":"standard","meta":{"footnotes":""},"categories":[8],"tags":[],"views":2710,"_links":{"self":[{"href":"http:\/\/www.cgt-hopital-manosque.fr\/index.php?rest_route=\/wp\/v2\/posts\/907"}],"collection":[{"href":"http:\/\/www.cgt-hopital-manosque.fr\/index.php?rest_route=\/wp\/v2\/posts"}],"about":[{"href":"http:\/\/www.cgt-hopital-manosque.fr\/index.php?rest_route=\/wp\/v2\/types\/post"}],"author":[{"embeddable":true,"href":"http:\/\/www.cgt-hopital-manosque.fr\/index.php?rest_route=\/wp\/v2\/users\/1"}],"replies":[{"embeddable":true,"href":"http:\/\/www.cgt-hopital-manosque.fr\/index.php?rest_route=%2Fwp%2Fv2%2Fcomments&post=907"}],"version-history":[{"count":1,"href":"http:\/\/www.cgt-hopital-manosque.fr\/index.php?rest_route=\/wp\/v2\/posts\/907\/revisions"}],"predecessor-version":[{"id":908,"href":"http:\/\/www.cgt-hopital-manosque.fr\/index.php?rest_route=\/wp\/v2\/posts\/907\/revisions\/908"}],"wp:attachment":[{"href":"http:\/\/www.cgt-hopital-manosque.fr\/index.php?rest_route=%2Fwp%2Fv2%2Fmedia&parent=907"}],"wp:term":[{"taxonomy":"category","embeddable":true,"href":"http:\/\/www.cgt-hopital-manosque.fr\/index.php?rest_route=%2Fwp%2Fv2%2Fcategories&post=907"},{"taxonomy":"post_tag","embeddable":true,"href":"http:\/\/www.cgt-hopital-manosque.fr\/index.php?rest_route=%2Fwp%2Fv2%2Ftags&post=907"}],"curies":[{"name":"wp","href":"https:\/\/api.w.org\/{rel}","templated":true}]}}