{"id":910,"date":"2012-11-30T18:28:02","date_gmt":"2012-11-30T18:28:02","guid":{"rendered":"http:\/\/www.cgt-hopital-manosque.fr\/?p=910"},"modified":"2012-11-30T18:30:43","modified_gmt":"2012-11-30T18:30:43","slug":"1er-decembre-2012-prochaine-formation-gratuite-anfh-hopital-et-handicap-le-10-decembre","status":"publish","type":"post","link":"http:\/\/www.cgt-hopital-manosque.fr\/?p=910","title":{"rendered":"1er d\u00e9cembre 2012 &#8211; Prochaine Formation gratuite ANFH : H\u00f4pital et Handicap,  le 10 d\u00e9cembre"},"content":{"rendered":"<p style= \"text-align: justify;\">\n<p>Intitul\u00e9 : <strong>\u00ab H\u00f4pital &#038; handicap : une histoire \u00e0 p\u00e9renniser \u00bb<\/strong><\/p>\n<p>Date : le 10 d\u00e9cembre 2012 \u00e0 partir de 8h30<\/p>\n<p>Lieu : ARLES (Palais des Congr\u00e8s)<\/p>\n<p><strong>Objectif<\/strong><\/p>\n<p>Cette journ\u00e9e plac\u00e9e sous le signe de l\u2019interdisciplinarit\u00e9 poursuit plusieurs objectifs :<\/p>\n<p>*Bousculer les id\u00e9es re\u00e7ues li\u00e9es \u00e0 l\u2019insertion et au maintien dans l\u2019emploi des agents en difficult\u00e9 sur leur poste de travail.<br \/>\n*Proposer un retour sur l\u2019exp\u00e9rimentation lanc\u00e9e en 2010 au travers de t\u00e9moignages d\u2019acteurs de la Fonction Publique Hospitali\u00e8re.<br \/>\n*Mettre en lumi\u00e8re les pr\u00e9alables \u00e0 la mise en \u0153uvre d\u2019une politique du handicap durable.<\/p>\n<p><strong>Public<\/strong><\/p>\n<p>Ouverte \u00e0 tout public hospitalier<\/p>\n<p><strong>Dur\u00e9e<\/strong><\/p>\n<p>1 JOUR <\/p>\n<p><strong>Nombre de participants<\/strong><\/p>\n<p>300<\/p>\n","protected":false},"excerpt":{"rendered":"<p>Intitul\u00e9 : \u00ab H\u00f4pital &#038; handicap : une histoire \u00e0 p\u00e9renniser \u00bb Date : le 10 d\u00e9cembre 2012 \u00e0 partir de 8h30 Lieu : ARLES (Palais des Congr\u00e8s) Objectif Cette journ\u00e9e plac\u00e9e sous le signe de l\u2019interdisciplinarit\u00e9 poursuit plusieurs objectifs : *Bousculer les id\u00e9es re\u00e7ues li\u00e9es \u00e0 l\u2019insertion et au maintien dans l\u2019emploi des agents [&hellip;]<\/p>\n","protected":false},"author":1,"featured_media":0,"comment_status":"closed","ping_status":"open","sticky":false,"template":"","format":"standard","meta":{"footnotes":""},"categories":[5],"tags":[],"views":2134,"_links":{"self":[{"href":"http:\/\/www.cgt-hopital-manosque.fr\/index.php?rest_route=\/wp\/v2\/posts\/910"}],"collection":[{"href":"http:\/\/www.cgt-hopital-manosque.fr\/index.php?rest_route=\/wp\/v2\/posts"}],"about":[{"href":"http:\/\/www.cgt-hopital-manosque.fr\/index.php?rest_route=\/wp\/v2\/types\/post"}],"author":[{"embeddable":true,"href":"http:\/\/www.cgt-hopital-manosque.fr\/index.php?rest_route=\/wp\/v2\/users\/1"}],"replies":[{"embeddable":true,"href":"http:\/\/www.cgt-hopital-manosque.fr\/index.php?rest_route=%2Fwp%2Fv2%2Fcomments&post=910"}],"version-history":[{"count":3,"href":"http:\/\/www.cgt-hopital-manosque.fr\/index.php?rest_route=\/wp\/v2\/posts\/910\/revisions"}],"predecessor-version":[{"id":913,"href":"http:\/\/www.cgt-hopital-manosque.fr\/index.php?rest_route=\/wp\/v2\/posts\/910\/revisions\/913"}],"wp:attachment":[{"href":"http:\/\/www.cgt-hopital-manosque.fr\/index.php?rest_route=%2Fwp%2Fv2%2Fmedia&parent=910"}],"wp:term":[{"taxonomy":"category","embeddable":true,"href":"http:\/\/www.cgt-hopital-manosque.fr\/index.php?rest_route=%2Fwp%2Fv2%2Fcategories&post=910"},{"taxonomy":"post_tag","embeddable":true,"href":"http:\/\/www.cgt-hopital-manosque.fr\/index.php?rest_route=%2Fwp%2Fv2%2Ftags&post=910"}],"curies":[{"name":"wp","href":"https:\/\/api.w.org\/{rel}","templated":true}]}}