{"id":937,"date":"2012-12-21T19:40:57","date_gmt":"2012-12-21T19:40:57","guid":{"rendered":"http:\/\/www.cgt-hopital-manosque.fr\/?p=937"},"modified":"2012-12-21T19:40:57","modified_gmt":"2012-12-21T19:40:57","slug":"22-decembre-2012-publication-du-decret-reformant-le-cet-du-personnel-non-medical-hospitalier","status":"publish","type":"post","link":"http:\/\/www.cgt-hopital-manosque.fr\/?p=937","title":{"rendered":"22 d\u00e9cembre 2012 &#8211; Publication du d\u00e9cret r\u00e9formant le CET du personnel non-m\u00e9dical hospitalier"},"content":{"rendered":"<p>Le d\u00e9cret introduisant de nouvelles r\u00e8gles de gestion et d&rsquo;utilisation des comptes \u00e9pargne temps (CET) dans la fonction publique hospitali\u00e8re, attendu depuis de nombreux mois, a \u00e9t\u00e9 publi\u00e9 au Journal officiel.<\/p>\n<p>Outre ce d\u00e9cret, a \u00e9t\u00e9 publi\u00e9 \u00e9galement l&rsquo;arr\u00eat\u00e9 pr\u00e9cisant les nouveaux seuils du nombre de jours pouvant \u00eatre plac\u00e9s dans un CET chaque ann\u00e9e ou le nombre global de jours pouvant \u00eatre maintenus dans un tel compte.<\/p>\n<p>Ci-joint dans le fichier ci-dessous :<\/p>\n<p>* Une d\u00e9claration de la CGT sur le CET<\/p>\n<p>* Le d\u00e9cret n\u00b02012-1366 du 6 d\u00e9cembre 2012 modifiant certaines dispositions relatives au compte \u00e9pargne-temps et aux cong\u00e9s annuels dans la fonction publique hospitali\u00e8re<\/p>\n<p>* L&rsquo;arr\u00eat\u00e9 du 6 d\u00e9cembre 2012 pris en application des articles 4 \u00e0 8 du d\u00e9cret n\u00b02002-788 du 3 mai 2002 relatif au compte \u00e9pargne-temps dans la fonction publique hospitali\u00e8re<\/p>\n<p>Pour le lire, <strong><a href='http:\/\/www.cgt-hopital-manosque.fr\/wp-content\/uploads\/2012\/12\/84.-Notes-CET.doc'>cliquer ici<\/a><\/strong><\/p>\n","protected":false},"excerpt":{"rendered":"<p>Le d\u00e9cret introduisant de nouvelles r\u00e8gles de gestion et d&rsquo;utilisation des comptes \u00e9pargne temps (CET) dans la fonction publique hospitali\u00e8re, attendu depuis de nombreux mois, a \u00e9t\u00e9 publi\u00e9 au Journal officiel. Outre ce d\u00e9cret, a \u00e9t\u00e9 publi\u00e9 \u00e9galement l&rsquo;arr\u00eat\u00e9 pr\u00e9cisant les nouveaux seuils du nombre de jours pouvant \u00eatre plac\u00e9s dans un CET chaque ann\u00e9e [&hellip;]<\/p>\n","protected":false},"author":1,"featured_media":0,"comment_status":"closed","ping_status":"open","sticky":false,"template":"","format":"standard","meta":{"footnotes":""},"categories":[8],"tags":[],"views":31866,"_links":{"self":[{"href":"http:\/\/www.cgt-hopital-manosque.fr\/index.php?rest_route=\/wp\/v2\/posts\/937"}],"collection":[{"href":"http:\/\/www.cgt-hopital-manosque.fr\/index.php?rest_route=\/wp\/v2\/posts"}],"about":[{"href":"http:\/\/www.cgt-hopital-manosque.fr\/index.php?rest_route=\/wp\/v2\/types\/post"}],"author":[{"embeddable":true,"href":"http:\/\/www.cgt-hopital-manosque.fr\/index.php?rest_route=\/wp\/v2\/users\/1"}],"replies":[{"embeddable":true,"href":"http:\/\/www.cgt-hopital-manosque.fr\/index.php?rest_route=%2Fwp%2Fv2%2Fcomments&post=937"}],"version-history":[{"count":1,"href":"http:\/\/www.cgt-hopital-manosque.fr\/index.php?rest_route=\/wp\/v2\/posts\/937\/revisions"}],"predecessor-version":[{"id":939,"href":"http:\/\/www.cgt-hopital-manosque.fr\/index.php?rest_route=\/wp\/v2\/posts\/937\/revisions\/939"}],"wp:attachment":[{"href":"http:\/\/www.cgt-hopital-manosque.fr\/index.php?rest_route=%2Fwp%2Fv2%2Fmedia&parent=937"}],"wp:term":[{"taxonomy":"category","embeddable":true,"href":"http:\/\/www.cgt-hopital-manosque.fr\/index.php?rest_route=%2Fwp%2Fv2%2Fcategories&post=937"},{"taxonomy":"post_tag","embeddable":true,"href":"http:\/\/www.cgt-hopital-manosque.fr\/index.php?rest_route=%2Fwp%2Fv2%2Ftags&post=937"}],"curies":[{"name":"wp","href":"https:\/\/api.w.org\/{rel}","templated":true}]}}