{"id":976,"date":"2013-01-07T19:22:18","date_gmt":"2013-01-07T19:22:18","guid":{"rendered":"http:\/\/www.cgt-hopital-manosque.fr\/?p=976"},"modified":"2013-01-07T19:29:52","modified_gmt":"2013-01-07T19:29:52","slug":"7-janvier-2013-cadres-de-sante-et-cadres-superieurs-de-sante-le-changement-cest-maintenant","status":"publish","type":"post","link":"http:\/\/www.cgt-hopital-manosque.fr\/?p=976","title":{"rendered":"7 janvier 2013 &#8211; Cadres de sant\u00e9 et cadres sup\u00e9rieurs de sant\u00e9 : le changement c\u2019est maintenant !"},"content":{"rendered":"<p style= \"text-align: justify;\">\nApr\u00e8s l\u2019int\u00e9gration des infirmi\u00e8res dans la cat\u00e9gorie A, c\u2019est au tour du corps des cadres de sant\u00e9 de conna\u00eetre des modifications \u00e0 travers plusieurs textes publi\u00e9s au journal officiel du 28 d\u00e9cembre 2012.<br \/>\nLes personnels relevant du corps actuel des cadres de sant\u00e9 sont int\u00e9gr\u00e9s au 29 d\u00e9cembre 2012 dans le nouveau corps des cadres de sant\u00e9 param\u00e9dicaux, \u00e0 l\u2019exception de ceux qui choisiront le maintien dans le corps actuel, au titre du droit d\u2019option (ouvert pour une dur\u00e9e de 6 mois).<\/p>\n<p>Ci-joint les nouveaux textes :<\/p>\n<p>D\u00e9cret n\u00b0 2012-1465 du 26 d\u00e9cembre 2012 modifiant le d\u00e9cret n\u00b0 2001-1375 du 31 d\u00e9cembre 2001 portant statut particulier du corps des cadres de sant\u00e9 de la fonction publique hospitali\u00e8re<br \/>\n<strong><a href=\"http:\/\/www.legifrance.gouv.fr\/affichTexte.do?cidTexte=JORFTEXT000026843711&#038;dateTexte=&#038;categorieLien=id\"target=\"_blank\">http:\/\/www.legifrance.gouv.fr\/affichTexte.do?cidTexte=JORFTEXT000026843711&#038;dateTexte=&#038;categorieLien=id<\/a><\/strong><\/p>\n<p>D\u00e9cret n\u00b0 2012-1466 du 26 d\u00e9cembre 2012 portant statut particulier du corps des cadres de sant\u00e9 param\u00e9dicaux de la fonction publique hospitali\u00e8re<br \/>\n<strong><a href=\"http:\/\/www.legifrance.gouv.fr\/affichTexte.do?cidTexte=JORFTEXT000026843750&#038;dateTexte=&#038;categorieLien=id\"target=\"_blank\">http:\/\/www.legifrance.gouv.fr\/affichTexte.do?cidTexte=JORFTEXT000026843750&#038;dateTexte=&#038;categorieLien=id <\/a><\/strong><\/p>\n<p>D\u00e9cret n\u00b0 2012-1467 du 26 d\u00e9cembre 2012 relatif au classement indiciaire du corps des cadres de sant\u00e9 param\u00e9dicaux de la fonction publique hospitali\u00e8re<br \/>\n<strong><a href=\"http:\/\/www.legifrance.gouv.fr\/affichTexte.do?cidTexte=JORFTEXT000026843826&#038;dateTexte=&#038;categorieLien=id\"target=\"_blank\">http:\/\/www.legifrance.gouv.fr\/affichTexte.do?cidTexte=JORFTEXT000026843826&#038;dateTexte=&#038;categorieLien=id <\/a><\/strong><\/p>\n<p>Arr\u00eat\u00e9 du 26 d\u00e9cembre 2012 relatif \u00e0 l\u2019\u00e9chelonnement indiciaire du corps des cadres de sant\u00e9 param\u00e9dicaux de la fonction publique hospitali\u00e8re,<br \/>\n<strong><a href=\"http:\/\/www.legifrance.gouv.fr\/affichTexte.do;jsessionid=?cidTexte=JORFTEXT000026844012&#038;dateTexte=&#038;oldAction=rechJO&#038;categorieLien=id\"target=\"_blank\">http:\/\/www.legifrance.gouv.fr\/affichTexte.do;jsessionid=?cidTexte=JORFTEXT000026844012&#038;dateTexte=&#038;oldAction=rechJO&#038;categorieLien=id<\/a><\/strong><\/p>\n","protected":false},"excerpt":{"rendered":"<p>Apr\u00e8s l\u2019int\u00e9gration des infirmi\u00e8res dans la cat\u00e9gorie A, c\u2019est au tour du corps des cadres de sant\u00e9 de conna\u00eetre des modifications \u00e0 travers plusieurs textes publi\u00e9s au journal officiel du 28 d\u00e9cembre 2012. Les personnels relevant du corps actuel des cadres de sant\u00e9 sont int\u00e9gr\u00e9s au 29 d\u00e9cembre 2012 dans le nouveau corps des cadres [&hellip;]<\/p>\n","protected":false},"author":1,"featured_media":0,"comment_status":"closed","ping_status":"open","sticky":false,"template":"","format":"standard","meta":{"footnotes":""},"categories":[8],"tags":[],"views":2402,"_links":{"self":[{"href":"http:\/\/www.cgt-hopital-manosque.fr\/index.php?rest_route=\/wp\/v2\/posts\/976"}],"collection":[{"href":"http:\/\/www.cgt-hopital-manosque.fr\/index.php?rest_route=\/wp\/v2\/posts"}],"about":[{"href":"http:\/\/www.cgt-hopital-manosque.fr\/index.php?rest_route=\/wp\/v2\/types\/post"}],"author":[{"embeddable":true,"href":"http:\/\/www.cgt-hopital-manosque.fr\/index.php?rest_route=\/wp\/v2\/users\/1"}],"replies":[{"embeddable":true,"href":"http:\/\/www.cgt-hopital-manosque.fr\/index.php?rest_route=%2Fwp%2Fv2%2Fcomments&post=976"}],"version-history":[{"count":4,"href":"http:\/\/www.cgt-hopital-manosque.fr\/index.php?rest_route=\/wp\/v2\/posts\/976\/revisions"}],"predecessor-version":[{"id":979,"href":"http:\/\/www.cgt-hopital-manosque.fr\/index.php?rest_route=\/wp\/v2\/posts\/976\/revisions\/979"}],"wp:attachment":[{"href":"http:\/\/www.cgt-hopital-manosque.fr\/index.php?rest_route=%2Fwp%2Fv2%2Fmedia&parent=976"}],"wp:term":[{"taxonomy":"category","embeddable":true,"href":"http:\/\/www.cgt-hopital-manosque.fr\/index.php?rest_route=%2Fwp%2Fv2%2Fcategories&post=976"},{"taxonomy":"post_tag","embeddable":true,"href":"http:\/\/www.cgt-hopital-manosque.fr\/index.php?rest_route=%2Fwp%2Fv2%2Ftags&post=976"}],"curies":[{"name":"wp","href":"https:\/\/api.w.org\/{rel}","templated":true}]}}