{"id":990,"date":"2013-01-17T19:24:00","date_gmt":"2013-01-17T19:24:00","guid":{"rendered":"http:\/\/www.cgt-hopital-manosque.fr\/?p=990"},"modified":"2013-01-17T19:26:07","modified_gmt":"2013-01-17T19:26:07","slug":"18-janvier-2013-le-decret-du-6-decembre-2012-apporte-des-modifications-sur-la-prise-des-conges-annuels","status":"publish","type":"post","link":"http:\/\/www.cgt-hopital-manosque.fr\/?p=990","title":{"rendered":"18 janvier 2013 &#8211; Le d\u00e9cret du 6 d\u00e9cembre 2012 apporte des modifications sur la prise des cong\u00e9s annuels"},"content":{"rendered":"<p style= \"text-align: justify;\">\n<p>Le d\u00e9cret 2002-8 du 4 janvier 2002 relatif aux cong\u00e9s annuels des agents de la fonction publique hospitali\u00e8re est modifi\u00e9 par le d\u00e9cret 2012-1366 du 6 d\u00e9cembre 2012.<\/p>\n<p><strong>* L&rsquo;article 2 devient :<\/strong><\/p>\n<p>\u00ab\u00a0L&rsquo;autorit\u00e9 investie du pouvoir de nomination ou son d\u00e9l\u00e9gataire arr\u00eate le tableau pr\u00e9visionnel des cong\u00e9s annuels, apr\u00e8s consultation des agents concern\u00e9s et compte tenu des n\u00e9cessit\u00e9s de service, et met ce tableau \u00e0 la disposition des int\u00e9ress\u00e9s au plus tard le 31 mars de l&rsquo;ann\u00e9e consid\u00e9r\u00e9e.<\/p>\n<p>Sur la base de ce tableau, la m\u00eame autorit\u00e9 organise la prise des jours de cong\u00e9s sur certaines p\u00e9riodes de l&rsquo;ann\u00e9e ou, le cas \u00e9ch\u00e9ant, au sein des cycles de travail arr\u00eat\u00e9s en application de l&rsquo;article 9 du d\u00e9cret 2002-9 du 4 janvier 2002.<\/p>\n<p>Pour cette prise de cong\u00e9s, l&rsquo;agent peut utiliser des jours de cong\u00e9s annuels ou des jours de r\u00e9duction du temps de travail. Il peut \u00e9galement y adjoindre des jours accumul\u00e9s sur son compte \u00e9pargne-temps.<\/p>\n<p>L&rsquo;autorit\u00e9 mentionn\u00e9e au premier alin\u00e9a permet \u00e0 chaque agent de b\u00e9n\u00e9ficier de trois semaines de cong\u00e9s annuels cons\u00e9cutives durant la p\u00e9riode d&rsquo;\u00e9t\u00e9, sauf contrainte imp\u00e9rative de fonctionnement du service.<\/p>\n<p>Les agents charg\u00e9s de famille b\u00e9n\u00e9ficient d&rsquo;une priorit\u00e9 pour le choix des p\u00e9riodes de cong\u00e9s annuels.\u00a0\u00bb<\/p>\n<p><strong>* Un article 4-1 est \u00e9galement rajout\u00e9 :<\/strong><\/p>\n<p>\u00ab\u00a0Pour l&rsquo;application du pr\u00e9sent d\u00e9cret aux personnels des corps g\u00e9r\u00e9s par le Centre national de gestion, les pouvoirs confi\u00e9s \u00e0 l&rsquo;autorit\u00e9 investie du pouvoir de nomination sont exerc\u00e9s par :<\/p>\n<p>Le directeur g\u00e9n\u00e9ral de l\u2019agence r\u00e9gionale de sant\u00e9 pour les chefs des \u00e9tablissements relevant des 1\u00b0, 2\u00b0, 3\u00b0, 5\u00b0 et 7\u00b0 de l\u2019article 2 de la loi du 9 janvier 1986 susvis\u00e9e ;<\/p>\n<p>Le repr\u00e9sentant de l\u2019\u00c9tat dans le d\u00e9partement pour les chefs des \u00e9tablissements mentionn\u00e9s aux 4\u00b0 et 6\u00b0 du m\u00eame article ;<\/p>\n<p>Le directeur, chef d\u2019\u00e9tablissement, pour les directeurs adjoints et les directeurs des soins.\u00a0\u00bb<\/p>\n","protected":false},"excerpt":{"rendered":"<p>Le d\u00e9cret 2002-8 du 4 janvier 2002 relatif aux cong\u00e9s annuels des agents de la fonction publique hospitali\u00e8re est modifi\u00e9 par le d\u00e9cret 2012-1366 du 6 d\u00e9cembre 2012. * L&rsquo;article 2 devient : \u00ab\u00a0L&rsquo;autorit\u00e9 investie du pouvoir de nomination ou son d\u00e9l\u00e9gataire arr\u00eate le tableau pr\u00e9visionnel des cong\u00e9s annuels, apr\u00e8s consultation des agents concern\u00e9s et [&hellip;]<\/p>\n","protected":false},"author":1,"featured_media":0,"comment_status":"closed","ping_status":"open","sticky":false,"template":"","format":"standard","meta":{"footnotes":""},"categories":[5],"tags":[],"views":2447,"_links":{"self":[{"href":"http:\/\/www.cgt-hopital-manosque.fr\/index.php?rest_route=\/wp\/v2\/posts\/990"}],"collection":[{"href":"http:\/\/www.cgt-hopital-manosque.fr\/index.php?rest_route=\/wp\/v2\/posts"}],"about":[{"href":"http:\/\/www.cgt-hopital-manosque.fr\/index.php?rest_route=\/wp\/v2\/types\/post"}],"author":[{"embeddable":true,"href":"http:\/\/www.cgt-hopital-manosque.fr\/index.php?rest_route=\/wp\/v2\/users\/1"}],"replies":[{"embeddable":true,"href":"http:\/\/www.cgt-hopital-manosque.fr\/index.php?rest_route=%2Fwp%2Fv2%2Fcomments&post=990"}],"version-history":[{"count":4,"href":"http:\/\/www.cgt-hopital-manosque.fr\/index.php?rest_route=\/wp\/v2\/posts\/990\/revisions"}],"predecessor-version":[{"id":994,"href":"http:\/\/www.cgt-hopital-manosque.fr\/index.php?rest_route=\/wp\/v2\/posts\/990\/revisions\/994"}],"wp:attachment":[{"href":"http:\/\/www.cgt-hopital-manosque.fr\/index.php?rest_route=%2Fwp%2Fv2%2Fmedia&parent=990"}],"wp:term":[{"taxonomy":"category","embeddable":true,"href":"http:\/\/www.cgt-hopital-manosque.fr\/index.php?rest_route=%2Fwp%2Fv2%2Fcategories&post=990"},{"taxonomy":"post_tag","embeddable":true,"href":"http:\/\/www.cgt-hopital-manosque.fr\/index.php?rest_route=%2Fwp%2Fv2%2Ftags&post=990"}],"curies":[{"name":"wp","href":"https:\/\/api.w.org\/{rel}","templated":true}]}}