{"id":995,"date":"2013-01-21T17:34:36","date_gmt":"2013-01-21T17:34:36","guid":{"rendered":"http:\/\/www.cgt-hopital-manosque.fr\/?p=995"},"modified":"2013-01-21T17:35:52","modified_gmt":"2013-01-21T17:35:52","slug":"22-janvier-2013-fermetures-de-maternites-peut-on-encore-continuer-ainsi","status":"publish","type":"post","link":"http:\/\/www.cgt-hopital-manosque.fr\/?p=995","title":{"rendered":"22 janvier 2013 &#8211; Fermetures de maternit\u00e9s : peut-on encore continuer ainsi ?"},"content":{"rendered":"<p style= \"text-align: justify;\">\nNous sommes pass\u00e9s de 1369 maternit\u00e9s en 1975, \u00e0 679 en 2001 et 535 en 2010.<\/p>\n<p>Quelles sont les cons\u00e9quences de cette fermeture r\u00e9guli\u00e8re des maternit\u00e9s depuis plus de 30 ans ?<\/p>\n<p>Pr\u00e8s d\u2019un quart des femmes sont \u00e0 plus de 30 minutes de la maternit\u00e9 (dont 1 sur 3 se situent \u00e0 plus de 45 minutes)<\/p>\n<p>Il nous parait \u00e9vident que l\u2019acc\u00e8s aux soins est trop compliqu\u00e9 pour beaucoup de fran\u00e7ais pour des raisons territoriales, auxquelles s\u2019ajoutent des raisons \u00e9conomiques et sociales.<\/p>\n<p>Il ne semble pas que ces fermetures de maternit\u00e9 se fassent dans un souci d\u2019\u00e9quit\u00e9 et d\u2019int\u00e9r\u00eat g\u00e9n\u00e9ral. La raison invoqu\u00e9 ? C\u2019est la qualit\u00e9 des soins. Pourtant, mettre des femmes enceintes en difficult\u00e9 en situation d\u2019isolement g\u00e9ographique ne semble pas aller dans ce sens. <\/p>\n<p>Des \u00e9v\u00e8nements tragiques, comme la mort d\u2019un b\u00e9b\u00e9 le 19 octobre 2012 dans le d\u00e9partement du Lot vient nous rappeler les risques encourus par les futures mamans.<\/p>\n<p>La CGT ne cesse de rappeler les risques suite \u00e0 la fermeture des maternit\u00e9s et des structures de soins de proximit\u00e9 plus g\u00e9n\u00e9ralement.<\/p>\n<p>La Coordination nationale pour la d\u00e9fense des h\u00f4pitaux et maternit\u00e9s de proximit\u00e9 demande un moratoire sur les fermetures de maternit\u00e9s. Selon son pr\u00e9sident Michel Antony, \u00ables deux tiers des maternit\u00e9s ont ferm\u00e9 depuis 20 ans, et aujourd&rsquo;hui les regroupements sont n\u00e9fastes de part l&rsquo;\u00e9loignement et les difficult\u00e9s d&rsquo;acc\u00e8s\u00bb.<\/p>\n<p>L\u2019association  UFC-Que Choisir demande \u00e9galement un moratoire sur la d\u00e9sertification m\u00e9dicale, qui toucherait selon ses enqu\u00eates 3,7 millions de personnes.<\/p>\n<p>Il nous semble n\u00e9cessaire de r\u00e9aliser un bilan, d\u2019autant que lorsqu\u2019un service est ferm\u00e9, les autres professionnels de sant\u00e9 de la zone partent\u2026il y a une fuite.<\/p>\n<p>La Cour des comptes a indiqu\u00e9, que sur le sur le plan \u00e9conomique, le r\u00e9sultat \u00e9tait mauvais. On aurait d\u00e9plac\u00e9 les accouchements vers des lieux qui s\u2019av\u00e8rent plus on\u00e9reux. En terme de s\u00e9curit\u00e9, elle \u00e9voque \u00e9galement de mauvais r\u00e9sultats.<\/p>\n<p>Il nous semble qu\u2019il y a un probl\u00e8me d&rsquo;acc\u00e8s aux soins avec une volont\u00e9 \u00e9vidente de tout centraliser dans de grands CHU au d\u00e9triment des \u00e9tablissements de proximit\u00e9.<\/p>\n<p>Par exemple, la maternit\u00e9 de la Seyne sur Mer dans le 83 a ferm\u00e9 en 2012, remplac\u00e9e par un centre de soins palliatifs. Les accouchements se font d\u00e9sormais dans un h\u00f4pital plus loin\u2026\u00e0 Toulon. Ce qui est trop loin. 200 000 habitants sont priv\u00e9s d\u2019un service de sant\u00e9. C\u2019est ainsi qu\u2019\u00e0 la Seyne, des b\u00e9b\u00e9s sont n\u00e9s r\u00e9cemment dans une aire de station service et sur un parking.<\/p>\n<p>Les  d\u00e9partements les plus touch\u00e9s par ces difficult\u00e9s d\u2019acc\u00e8s sont : les Alpes de Haute Provence, l\u2019Ari\u00e8ge, la Creuse, le Gers, la Haute-Corse, la Haute Sa\u00f4ne, le Lot et la Loz\u00e8re.<\/p>\n<p>Pour quoi le gouvernement est-il si timor\u00e9 sur cette question ? Il veut mener une r\u00e9flexion pourquoi faire ? Une r\u00e9flexion sur la cr\u00e9ation d&rsquo;une commission qui va \u00e9valuer comment on peut \u00e9viter des drames et qui donnera naissance \u00e0 une nouvelle commission \u00e9valuant l&rsquo;int\u00e9r\u00eat sur le long terme de la prise de mesure ? Et que va-t-il en d\u00e9couler ? Certainement que l\u2019activit\u00e9 n\u2019est pas assez importante dans telle ou telle zone pour justifier l\u2019ouverture d\u2019une maternit\u00e9. Mais combien de drames se sont jou\u00e9s et combien se joueront demain \u00e0 cause de statistiques ?<\/p>\n","protected":false},"excerpt":{"rendered":"<p>Nous sommes pass\u00e9s de 1369 maternit\u00e9s en 1975, \u00e0 679 en 2001 et 535 en 2010. Quelles sont les cons\u00e9quences de cette fermeture r\u00e9guli\u00e8re des maternit\u00e9s depuis plus de 30 ans ? Pr\u00e8s d\u2019un quart des femmes sont \u00e0 plus de 30 minutes de la maternit\u00e9 (dont 1 sur 3 se situent \u00e0 plus de [&hellip;]<\/p>\n","protected":false},"author":1,"featured_media":0,"comment_status":"closed","ping_status":"open","sticky":false,"template":"","format":"standard","meta":{"footnotes":""},"categories":[8],"tags":[],"views":2266,"_links":{"self":[{"href":"http:\/\/www.cgt-hopital-manosque.fr\/index.php?rest_route=\/wp\/v2\/posts\/995"}],"collection":[{"href":"http:\/\/www.cgt-hopital-manosque.fr\/index.php?rest_route=\/wp\/v2\/posts"}],"about":[{"href":"http:\/\/www.cgt-hopital-manosque.fr\/index.php?rest_route=\/wp\/v2\/types\/post"}],"author":[{"embeddable":true,"href":"http:\/\/www.cgt-hopital-manosque.fr\/index.php?rest_route=\/wp\/v2\/users\/1"}],"replies":[{"embeddable":true,"href":"http:\/\/www.cgt-hopital-manosque.fr\/index.php?rest_route=%2Fwp%2Fv2%2Fcomments&post=995"}],"version-history":[{"count":2,"href":"http:\/\/www.cgt-hopital-manosque.fr\/index.php?rest_route=\/wp\/v2\/posts\/995\/revisions"}],"predecessor-version":[{"id":997,"href":"http:\/\/www.cgt-hopital-manosque.fr\/index.php?rest_route=\/wp\/v2\/posts\/995\/revisions\/997"}],"wp:attachment":[{"href":"http:\/\/www.cgt-hopital-manosque.fr\/index.php?rest_route=%2Fwp%2Fv2%2Fmedia&parent=995"}],"wp:term":[{"taxonomy":"category","embeddable":true,"href":"http:\/\/www.cgt-hopital-manosque.fr\/index.php?rest_route=%2Fwp%2Fv2%2Fcategories&post=995"},{"taxonomy":"post_tag","embeddable":true,"href":"http:\/\/www.cgt-hopital-manosque.fr\/index.php?rest_route=%2Fwp%2Fv2%2Ftags&post=995"}],"curies":[{"name":"wp","href":"https:\/\/api.w.org\/{rel}","templated":true}]}}